{"id":13461,"date":"2025-01-21T02:21:58","date_gmt":"2025-01-21T02:21:58","guid":{"rendered":"https:\/\/alminutonoticia.com\/noticias\/?p=13461"},"modified":"2025-01-21T02:22:00","modified_gmt":"2025-01-21T02:22:00","slug":"primera-dama-acompanara-al-presidente-al-foro-economico-mundial-en-suiza","status":"publish","type":"post","link":"https:\/\/alminutonoticia.com\/noticias\/primera-dama-acompanara-al-presidente-al-foro-economico-mundial-en-suiza\/","title":{"rendered":"Primera dama acompa\u00f1ar\u00e1 al presidente al Foro Econ\u00f3mico Mundial en Suiza"},"content":{"rendered":"\n<p>La primera dama, Maricel Cohen de Mulino, acompa\u00f1ar\u00e1 al presidente de la Rep\u00fablica, Jos\u00e9 Ra\u00fal Mulino, al Foro Econ\u00f3mico Mundial en Davos, Suiza, participando en la cena inaugural, el martes 21 de enero, donde estar\u00e1 presente Klaus Schwab, fundador de este encuentro internacional, y su esposa, Hilde Schwab, evento que re\u00fane a jefes de Estado y de Gobierno, y representantes de organizaciones internacionales.<\/p>\n\n\n\n<p>De igual forma, la primera dama acompa\u00f1ar\u00e1 al presidente en el panel \u201cGovernanza\u201d, donde el gobernante intervendr\u00e1 como uno de los panelistas junto a la presidenta de Per\u00fa, Dina Ercilia Boluarte, sobre temas de seguridad, migraci\u00f3n y retos de Latinoam\u00e9rica, entre otros.<\/p>\n\n\n\n<p>En el Centro de Conferencias, la primera dama asistir\u00e1 a la exposici\u00f3n presentada por Andrew Ng, fundador de DeepLearning.ai, quien hablar\u00e1 sobre tecnolog\u00eda e inteligencia artificial. A esta actividad asisten personalidades invitadas al foro, entre ellas la presidenta de Per\u00fa; Amandeep Singt Gill, secretario general adjunto y enviado del secretario de la Organizaci\u00f3n de las Naciones Unidas.<\/p>\n\n\n\n<figure class=\"wp-block-image size-full\"><a href=\"https:\/\/alminutonoticia.com\/noticias\/wp-content\/uploads\/2025\/01\/mulinos-primera-768x470-1.jpg\"><img fetchpriority=\"high\" decoding=\"async\" width=\"768\" height=\"470\" src=\"https:\/\/alminutonoticia.com\/noticias\/wp-content\/uploads\/2025\/01\/mulinos-primera-768x470-1.jpg\" alt=\"\" class=\"wp-image-13462\" title=\"\" srcset=\"https:\/\/alminutonoticia.com\/noticias\/wp-content\/uploads\/2025\/01\/mulinos-primera-768x470-1.jpg 768w, https:\/\/alminutonoticia.com\/noticias\/wp-content\/uploads\/2025\/01\/mulinos-primera-768x470-1-300x184.jpg 300w\" sizes=\"(max-width: 768px) 100vw, 768px\" \/><\/a><\/figure>\n","protected":false},"excerpt":{"rendered":"<p>La primera dama, Maricel Cohen de Mulino, acompa\u00f1ar\u00e1 al presidente de la Rep\u00fablica, Jos\u00e9 Ra\u00fal Mulino, al Foro Econ\u00f3mico Mundial en Davos, Suiza, participando en la cena inaugural, el martes 21 de enero, donde estar\u00e1 presente Klaus Schwab, fundador de este encuentro internacional, y su esposa, Hilde Schwab, evento que re\u00fane a jefes de Estado [&hellip;]<\/p>\n","protected":false},"author":3,"featured_media":13462,"comment_status":"open","ping_status":"open","sticky":false,"template":"","format":"standard","meta":{"footnotes":""},"categories":[36,39],"tags":[],"class_list":["post-13461","post","type-post","status-publish","format-standard","has-post-thumbnail","hentry","category-nacionales","category-internacionales"],"_links":{"self":[{"href":"https:\/\/alminutonoticia.com\/noticias\/wp-json\/wp\/v2\/posts\/13461","targetHints":{"allow":["GET"]}}],"collection":[{"href":"https:\/\/alminutonoticia.com\/noticias\/wp-json\/wp\/v2\/posts"}],"about":[{"href":"https:\/\/alminutonoticia.com\/noticias\/wp-json\/wp\/v2\/types\/post"}],"author":[{"embeddable":true,"href":"https:\/\/alminutonoticia.com\/noticias\/wp-json\/wp\/v2\/users\/3"}],"replies":[{"embeddable":true,"href":"https:\/\/alminutonoticia.com\/noticias\/wp-json\/wp\/v2\/comments?post=13461"}],"version-history":[{"count":1,"href":"https:\/\/alminutonoticia.com\/noticias\/wp-json\/wp\/v2\/posts\/13461\/revisions"}],"predecessor-version":[{"id":13463,"href":"https:\/\/alminutonoticia.com\/noticias\/wp-json\/wp\/v2\/posts\/13461\/revisions\/13463"}],"wp:featuredmedia":[{"embeddable":true,"href":"https:\/\/alminutonoticia.com\/noticias\/wp-json\/wp\/v2\/media\/13462"}],"wp:attachment":[{"href":"https:\/\/alminutonoticia.com\/noticias\/wp-json\/wp\/v2\/media?parent=13461"}],"wp:term":[{"taxonomy":"category","embeddable":true,"href":"https:\/\/alminutonoticia.com\/noticias\/wp-json\/wp\/v2\/categories?post=13461"},{"taxonomy":"post_tag","embeddable":true,"href":"https:\/\/alminutonoticia.com\/noticias\/wp-json\/wp\/v2\/tags?post=13461"}],"curies":[{"name":"wp","href":"https:\/\/api.w.org\/{rel}","templated":true}]}}