{"id":13455,"date":"2025-01-21T02:17:13","date_gmt":"2025-01-21T02:17:13","guid":{"rendered":"https:\/\/alminutonoticia.com\/noticias\/?p=13455"},"modified":"2025-01-21T02:17:15","modified_gmt":"2025-01-21T02:17:15","slug":"ordenan-la-imputacion-para-un-ciudadano-que-traficaba-migrantes","status":"publish","type":"post","link":"https:\/\/alminutonoticia.com\/noticias\/ordenan-la-imputacion-para-un-ciudadano-que-traficaba-migrantes\/","title":{"rendered":"Ordenan la imputaci\u00f3n para un ciudadano que traficaba migrantes"},"content":{"rendered":"\n<p>La Fiscal\u00eda Primera contra la Delincuencia Organizada, representada por Yissel \u00c1brego, en audiencia de solicitudes m\u00faltiples, logr\u00f3 la legalizaci\u00f3n de aprehensi\u00f3n para un hombre, al cual se le imputo cargo por tr\u00e1fico il\u00edcito de migrantes.<\/p>\n\n\n\n<p>Adem\u00e1s, se le orden\u00f3 la detenci\u00f3n provisional por parte del juez de garant\u00edas, Erick M\u00e9ndez, al cumplirse los riesgos procesales expresados por la fiscal \u00c1brego.<\/p>\n\n\n\n<p>Los hechos se dieron cuando el imputado transportaba a dos ciudadanos de India, de manera irregular para facilitar la salida del territorio nacional, d\u00e1ndose con su aprehensi\u00f3n en San Carlos el 15 de enero de 2025, manteniendo en su poder B\/.546.26.<\/p>\n\n\n\n<figure class=\"wp-block-image size-full\"><a href=\"https:\/\/alminutonoticia.com\/noticias\/wp-content\/uploads\/2025\/01\/ilustracion.jpeg\"><img fetchpriority=\"high\" decoding=\"async\" width=\"770\" height=\"470\" src=\"https:\/\/alminutonoticia.com\/noticias\/wp-content\/uploads\/2025\/01\/ilustracion.jpeg\" alt=\"\" class=\"wp-image-13456\" title=\"\" srcset=\"https:\/\/alminutonoticia.com\/noticias\/wp-content\/uploads\/2025\/01\/ilustracion.jpeg 770w, https:\/\/alminutonoticia.com\/noticias\/wp-content\/uploads\/2025\/01\/ilustracion-300x183.jpeg 300w, https:\/\/alminutonoticia.com\/noticias\/wp-content\/uploads\/2025\/01\/ilustracion-768x469.jpeg 768w\" sizes=\"(max-width: 770px) 100vw, 770px\" \/><\/a><\/figure>\n","protected":false},"excerpt":{"rendered":"<p>La Fiscal\u00eda Primera contra la Delincuencia Organizada, representada por Yissel \u00c1brego, en audiencia de solicitudes m\u00faltiples, logr\u00f3 la legalizaci\u00f3n de aprehensi\u00f3n para un hombre, al cual se le imputo cargo por tr\u00e1fico il\u00edcito de migrantes. Adem\u00e1s, se le orden\u00f3 la detenci\u00f3n provisional por parte del juez de garant\u00edas, Erick M\u00e9ndez, al cumplirse los riesgos procesales [&hellip;]<\/p>\n","protected":false},"author":3,"featured_media":13456,"comment_status":"open","ping_status":"open","sticky":false,"template":"","format":"standard","meta":{"footnotes":""},"categories":[36,39],"tags":[],"class_list":["post-13455","post","type-post","status-publish","format-standard","has-post-thumbnail","hentry","category-nacionales","category-internacionales"],"_links":{"self":[{"href":"https:\/\/alminutonoticia.com\/noticias\/wp-json\/wp\/v2\/posts\/13455","targetHints":{"allow":["GET"]}}],"collection":[{"href":"https:\/\/alminutonoticia.com\/noticias\/wp-json\/wp\/v2\/posts"}],"about":[{"href":"https:\/\/alminutonoticia.com\/noticias\/wp-json\/wp\/v2\/types\/post"}],"author":[{"embeddable":true,"href":"https:\/\/alminutonoticia.com\/noticias\/wp-json\/wp\/v2\/users\/3"}],"replies":[{"embeddable":true,"href":"https:\/\/alminutonoticia.com\/noticias\/wp-json\/wp\/v2\/comments?post=13455"}],"version-history":[{"count":1,"href":"https:\/\/alminutonoticia.com\/noticias\/wp-json\/wp\/v2\/posts\/13455\/revisions"}],"predecessor-version":[{"id":13457,"href":"https:\/\/alminutonoticia.com\/noticias\/wp-json\/wp\/v2\/posts\/13455\/revisions\/13457"}],"wp:featuredmedia":[{"embeddable":true,"href":"https:\/\/alminutonoticia.com\/noticias\/wp-json\/wp\/v2\/media\/13456"}],"wp:attachment":[{"href":"https:\/\/alminutonoticia.com\/noticias\/wp-json\/wp\/v2\/media?parent=13455"}],"wp:term":[{"taxonomy":"category","embeddable":true,"href":"https:\/\/alminutonoticia.com\/noticias\/wp-json\/wp\/v2\/categories?post=13455"},{"taxonomy":"post_tag","embeddable":true,"href":"https:\/\/alminutonoticia.com\/noticias\/wp-json\/wp\/v2\/tags?post=13455"}],"curies":[{"name":"wp","href":"https:\/\/api.w.org\/{rel}","templated":true}]}}