{"id":13452,"date":"2025-01-21T02:15:16","date_gmt":"2025-01-21T02:15:16","guid":{"rendered":"https:\/\/alminutonoticia.com\/noticias\/?p=13452"},"modified":"2025-01-21T02:15:18","modified_gmt":"2025-01-21T02:15:18","slug":"mulino-rechaza-declaraciones-de-trump-y-le-recuerda-que-el-canal-es-y-sera-de-panama","status":"publish","type":"post","link":"https:\/\/alminutonoticia.com\/noticias\/mulino-rechaza-declaraciones-de-trump-y-le-recuerda-que-el-canal-es-y-sera-de-panama\/","title":{"rendered":"Mulino rechaza declaraciones de Trump y le recuerda que el Canal es y ser\u00e1 de Panam\u00e1"},"content":{"rendered":"\n<p>El presidente de Panam\u00e1, Jos\u00e9 Ra\u00fal Mulino,<strong>&nbsp;<\/strong>se pronunci\u00f3 luego de que el presidente estadounidense Donald Trump en su primer discurso presidencial recalcar\u00eda que tomara el control de Panam\u00e1. \u00abChina est\u00e1 operando el Canal de Panam\u00e1. Pero no se lo dimos a China. Se lo dimos a Panam\u00e1, y lo vamos a retomar\u00bb, dijo.<\/p>\n\n\n\n<p>\u00abEn nombre de la Rep\u00fablica de Panam\u00e1 y su pueblo, debo rechazar de manera integral las palabras esbozadas por el presidente Donald Trump relativas a Panam\u00e1 y su Canal, en su discurso inaugural\u00bb, expres\u00f3 Mulino.<\/p>\n\n\n\n<p>\u00abReitero lo expresado en mi mensaje a la Naci\u00f3n, el pasado 22 de diciembre: el Canal es y seguir\u00e1 siendo de Panam\u00e1 y su administraci\u00f3n seguir\u00e1 estando bajo control paname\u00f1o con respeto a su neutralidad permanente.<\/p>\n\n\n\n<p>No hay presencia de ninguna naci\u00f3n del mundo que interfiera con nuestra administraci\u00f3n.<\/p>\n\n\n\n<p>El Canal no fue una concesi\u00f3n de nadie. Fue el resultado de luchas generacionales que culminaron en 1999, producto del tratado Torrijos-Carter Y, desde entonces hasta la fecha, por 25 a\u00f1os, de manera ininterrumpida, lo hemos administrado y expandido con responsabilidad para servirle al mundo y su comercio, incluyendo a los Estados Unidos.<\/p>\n\n\n\n<p>Ejerceremos el derecho que nos ampara, la base jur\u00eddica del Tratado, la dignidad que nos distingue y la fortaleza que nos da el Derecho Internacional como v\u00eda id\u00f3nea para manejar las relaciones entre pa\u00edses y, sobre todo, entre pa\u00edses aliados y amigos, como lo demuestran la historia y nuestras actuaciones respecto a los EEUU\u00bb, detallo en el comunicado de prensa.<\/p>\n\n\n\n<p>Mulino a\u00f1ade que el di\u00e1logo es siempre la v\u00eda para aclarar los puntos mencionados \u00absin menoscabar nuestro derecho, soberan\u00eda total y propiedad de nuestro Canal\u00bb.<\/p>\n\n\n\n<figure class=\"wp-block-image size-full\"><a href=\"https:\/\/alminutonoticia.com\/noticias\/wp-content\/uploads\/2025\/01\/joremulinitos-770x462-1.jpeg\"><img fetchpriority=\"high\" decoding=\"async\" width=\"770\" height=\"462\" src=\"https:\/\/alminutonoticia.com\/noticias\/wp-content\/uploads\/2025\/01\/joremulinitos-770x462-1.jpeg\" alt=\"\" class=\"wp-image-13453\" title=\"\" srcset=\"https:\/\/alminutonoticia.com\/noticias\/wp-content\/uploads\/2025\/01\/joremulinitos-770x462-1.jpeg 770w, https:\/\/alminutonoticia.com\/noticias\/wp-content\/uploads\/2025\/01\/joremulinitos-770x462-1-300x180.jpeg 300w, https:\/\/alminutonoticia.com\/noticias\/wp-content\/uploads\/2025\/01\/joremulinitos-770x462-1-768x461.jpeg 768w\" sizes=\"(max-width: 770px) 100vw, 770px\" \/><\/a><\/figure>\n","protected":false},"excerpt":{"rendered":"<p>El presidente de Panam\u00e1, Jos\u00e9 Ra\u00fal Mulino,&nbsp;se pronunci\u00f3 luego de que el presidente estadounidense Donald Trump en su primer discurso presidencial recalcar\u00eda que tomara el control de Panam\u00e1. \u00abChina est\u00e1 operando el Canal de Panam\u00e1. Pero no se lo dimos a China. Se lo dimos a Panam\u00e1, y lo vamos a retomar\u00bb, dijo. \u00abEn nombre [&hellip;]<\/p>\n","protected":false},"author":3,"featured_media":13453,"comment_status":"open","ping_status":"open","sticky":false,"template":"","format":"standard","meta":{"footnotes":""},"categories":[36,39],"tags":[],"class_list":["post-13452","post","type-post","status-publish","format-standard","has-post-thumbnail","hentry","category-nacionales","category-internacionales"],"_links":{"self":[{"href":"https:\/\/alminutonoticia.com\/noticias\/wp-json\/wp\/v2\/posts\/13452","targetHints":{"allow":["GET"]}}],"collection":[{"href":"https:\/\/alminutonoticia.com\/noticias\/wp-json\/wp\/v2\/posts"}],"about":[{"href":"https:\/\/alminutonoticia.com\/noticias\/wp-json\/wp\/v2\/types\/post"}],"author":[{"embeddable":true,"href":"https:\/\/alminutonoticia.com\/noticias\/wp-json\/wp\/v2\/users\/3"}],"replies":[{"embeddable":true,"href":"https:\/\/alminutonoticia.com\/noticias\/wp-json\/wp\/v2\/comments?post=13452"}],"version-history":[{"count":1,"href":"https:\/\/alminutonoticia.com\/noticias\/wp-json\/wp\/v2\/posts\/13452\/revisions"}],"predecessor-version":[{"id":13454,"href":"https:\/\/alminutonoticia.com\/noticias\/wp-json\/wp\/v2\/posts\/13452\/revisions\/13454"}],"wp:featuredmedia":[{"embeddable":true,"href":"https:\/\/alminutonoticia.com\/noticias\/wp-json\/wp\/v2\/media\/13453"}],"wp:attachment":[{"href":"https:\/\/alminutonoticia.com\/noticias\/wp-json\/wp\/v2\/media?parent=13452"}],"wp:term":[{"taxonomy":"category","embeddable":true,"href":"https:\/\/alminutonoticia.com\/noticias\/wp-json\/wp\/v2\/categories?post=13452"},{"taxonomy":"post_tag","embeddable":true,"href":"https:\/\/alminutonoticia.com\/noticias\/wp-json\/wp\/v2\/tags?post=13452"}],"curies":[{"name":"wp","href":"https:\/\/api.w.org\/{rel}","templated":true}]}}