{"id":13449,"date":"2025-01-21T02:13:15","date_gmt":"2025-01-21T02:13:15","guid":{"rendered":"https:\/\/alminutonoticia.com\/noticias\/?p=13449"},"modified":"2025-01-21T02:13:17","modified_gmt":"2025-01-21T02:13:17","slug":"donald-trump-en-su-primer-discurso-como-presidente-de-ee-uu-afirmo-que-retomara-el-canal-de-panama","status":"publish","type":"post","link":"https:\/\/alminutonoticia.com\/noticias\/donald-trump-en-su-primer-discurso-como-presidente-de-ee-uu-afirmo-que-retomara-el-canal-de-panama\/","title":{"rendered":"Donald Trump, en su primer discurso como presidente de EE.UU., afirm\u00f3 que retomar\u00e1 el Canal de Panam\u00e1"},"content":{"rendered":"\n<p>Al mediod\u00eda de este 20 de enero, Donald Trump tom\u00f3 posesi\u00f3n como presidente de Estados Unidos, en la ceremonia de investidura que se celebra en el interior del Capitolio por el fr\u00edo.<\/p>\n\n\n\n<p>Trump jur\u00f3 con la mano derecha en alto y la izquierda la puso sobre dos biblias, una que utiliz\u00f3 en su primera toma de posesi\u00f3n en 2017 y la del expresidente Abraham Lincoln.<\/p>\n\n\n\n<p>Anterior a su juramentaci\u00f3n, el exsenador republicano JD Vance tom\u00f3 posesi\u00f3n como nuevo vicepresidente de Estados Unidos.<\/p>\n\n\n\n<p>Luego de eso, realiz\u00f3 su primer discurso en el que resalt\u00f3 que empieza la \u00abedad de oro\u00bb de EE.UU con su nuevo cargo.<\/p>\n\n\n\n<p>Habl\u00f3 de la migraci\u00f3n, el conflicto en Gaza, la comunidad LGBTIQ, el golfo de M\u00e9xico, del que&nbsp; asegur\u00f3 que le cambiar\u00e1 el nombre al golfo de Am\u00e9rica y hasta del Canal de Panam\u00e1, del que dijo que retomar\u00e1 su control. \u00abChina est\u00e1 operando el Canal de Panam\u00e1. Pero no se lo dimos a China. Se lo dimos a Panam\u00e1, y lo vamos a retomar\u00bb, reafirm\u00f3.<\/p>\n\n\n\n<figure class=\"wp-block-image size-full\"><a href=\"https:\/\/alminutonoticia.com\/noticias\/wp-content\/uploads\/2025\/01\/trumpes-770x462-1.jpeg\"><img fetchpriority=\"high\" decoding=\"async\" width=\"770\" height=\"462\" src=\"https:\/\/alminutonoticia.com\/noticias\/wp-content\/uploads\/2025\/01\/trumpes-770x462-1.jpeg\" alt=\"\" class=\"wp-image-13450\" title=\"\" srcset=\"https:\/\/alminutonoticia.com\/noticias\/wp-content\/uploads\/2025\/01\/trumpes-770x462-1.jpeg 770w, https:\/\/alminutonoticia.com\/noticias\/wp-content\/uploads\/2025\/01\/trumpes-770x462-1-300x180.jpeg 300w, https:\/\/alminutonoticia.com\/noticias\/wp-content\/uploads\/2025\/01\/trumpes-770x462-1-768x461.jpeg 768w\" sizes=\"(max-width: 770px) 100vw, 770px\" \/><\/a><\/figure>\n","protected":false},"excerpt":{"rendered":"<p>Al mediod\u00eda de este 20 de enero, Donald Trump tom\u00f3 posesi\u00f3n como presidente de Estados Unidos, en la ceremonia de investidura que se celebra en el interior del Capitolio por el fr\u00edo. Trump jur\u00f3 con la mano derecha en alto y la izquierda la puso sobre dos biblias, una que utiliz\u00f3 en su primera toma [&hellip;]<\/p>\n","protected":false},"author":3,"featured_media":13450,"comment_status":"open","ping_status":"open","sticky":false,"template":"","format":"standard","meta":{"footnotes":""},"categories":[39,36],"tags":[],"class_list":["post-13449","post","type-post","status-publish","format-standard","has-post-thumbnail","hentry","category-internacionales","category-nacionales"],"_links":{"self":[{"href":"https:\/\/alminutonoticia.com\/noticias\/wp-json\/wp\/v2\/posts\/13449","targetHints":{"allow":["GET"]}}],"collection":[{"href":"https:\/\/alminutonoticia.com\/noticias\/wp-json\/wp\/v2\/posts"}],"about":[{"href":"https:\/\/alminutonoticia.com\/noticias\/wp-json\/wp\/v2\/types\/post"}],"author":[{"embeddable":true,"href":"https:\/\/alminutonoticia.com\/noticias\/wp-json\/wp\/v2\/users\/3"}],"replies":[{"embeddable":true,"href":"https:\/\/alminutonoticia.com\/noticias\/wp-json\/wp\/v2\/comments?post=13449"}],"version-history":[{"count":1,"href":"https:\/\/alminutonoticia.com\/noticias\/wp-json\/wp\/v2\/posts\/13449\/revisions"}],"predecessor-version":[{"id":13451,"href":"https:\/\/alminutonoticia.com\/noticias\/wp-json\/wp\/v2\/posts\/13449\/revisions\/13451"}],"wp:featuredmedia":[{"embeddable":true,"href":"https:\/\/alminutonoticia.com\/noticias\/wp-json\/wp\/v2\/media\/13450"}],"wp:attachment":[{"href":"https:\/\/alminutonoticia.com\/noticias\/wp-json\/wp\/v2\/media?parent=13449"}],"wp:term":[{"taxonomy":"category","embeddable":true,"href":"https:\/\/alminutonoticia.com\/noticias\/wp-json\/wp\/v2\/categories?post=13449"},{"taxonomy":"post_tag","embeddable":true,"href":"https:\/\/alminutonoticia.com\/noticias\/wp-json\/wp\/v2\/tags?post=13449"}],"curies":[{"name":"wp","href":"https:\/\/api.w.org\/{rel}","templated":true}]}}