{"id":13443,"date":"2025-01-21T02:09:16","date_gmt":"2025-01-21T02:09:16","guid":{"rendered":"https:\/\/alminutonoticia.com\/noticias\/?p=13443"},"modified":"2025-01-21T02:09:19","modified_gmt":"2025-01-21T02:09:19","slug":"reprograman-la-fecha-del-caso-odebrecht-sera-del-11-de-noviembre-al-19-de-diciembre-de-2025","status":"publish","type":"post","link":"https:\/\/alminutonoticia.com\/noticias\/reprograman-la-fecha-del-caso-odebrecht-sera-del-11-de-noviembre-al-19-de-diciembre-de-2025\/","title":{"rendered":"Reprograman la fecha del Caso Odebrecht, ser\u00e1 del 11 de noviembre al 19 de diciembre de 2025"},"content":{"rendered":"\n<p>A la espera de que se cumplan con las solicitudes de asistencias judiciales internacionales, que permitan un contradictorio que garantice el efectivo derecho a la defensa, la Jueza Primera de Liquidaci\u00f3n de Causas Penales del Primer Circuito Judicial de Panam\u00e1, adjunta, Balo\u00edsa Marqu\u00ednez Mor\u00e1n, reprogram\u00f3 la audiencia ordinaria del denominado caso \u201cOdebrecht\u201d para la fecha del 11 de noviembre al 19 de diciembre del 2025. Y como alterna, del 12 de enero al 13 de febrero del 2026.<\/p>\n\n\n\n<p>La decisi\u00f3n de la jueza Marqu\u00ednez Mor\u00e1n fue adoptada en acto de sesi\u00f3n realizado la ma\u00f1ana de este lunes 20 de enero cuando estaba previsto que se iniciara este proceso judicial, donde 26 personas estaban llamadas a juicio por la posible comisi\u00f3n del delito contra el orden econ\u00f3mico, en la modalidad de blanqueo de capitales.<\/p>\n\n\n\n<p>El mismo comenz\u00f3 a las 9:15 de la ma\u00f1ana en el sal\u00f3n de audiencias del Tribunal Superior de Liquidaci\u00f3n de Causas Penales con la solicitud de la juzgadora a los representantes de Ministerio P\u00fablico, al querellante, a los abogados de la defensa (particular y p\u00fablica) y a los querellantes de facilitar sus datos generales.<\/p>\n\n\n\n<p>Cumplido este tr\u00e1mite, que en algunos casos se dio de a trav\u00e9s de conexi\u00f3n virtual, la presidenta del acto solicit\u00f3 a tres abogados defensores sustentar en oralidad peticiones hechas, por separado, el pasado viernes 17 de enero, en relaci\u00f3n con la posposici\u00f3n de la fecha de audiencia ordinaria, al no contarse con respuestas a varias solicitudes de asistencias judiciales internacionales.<\/p>\n\n\n\n<p>Posteriormente, se le corri\u00f3 traslado al Ministerio P\u00fablico, encabezado por la fiscal especial anticorrupci\u00f3n Ruth Morcillo Saavedra; y al querellante Carlos Ant\u00fanez Moralez, en representaci\u00f3n del Ministerio de Seguridad P\u00fablica, para que se refirieran a lo expuestos por los abogados de la defensa en relaci\u00f3n con las solicitudes judiciales internacionales (una a Per\u00fa y ocho a la Rep\u00fablica Federativa de Brasil) y al pedido de aplazamiento del juicio.<\/p>\n\n\n\n<p>Una vez escuchadas las partes, y al reconocer que el ejercicio de la acci\u00f3n penal le corresponde al Ministerio P\u00fablico, y que \u2013del otro lado\u2013 se debe garantizar que se cumpla con un adecuado contradictorio, a las 10:00 a.m. la jueza Marqu\u00ednez Mor\u00e1n hizo el anuncio de la reprogramaci\u00f3n de la audiencia de fondo, para lo cual pidi\u00f3 a todas las partes cumplir con su presencia. &nbsp;<\/p>\n\n\n\n<figure class=\"wp-block-image size-full\"><a href=\"https:\/\/alminutonoticia.com\/noticias\/wp-content\/uploads\/2025\/01\/este-odebrecht.jpg\"><img fetchpriority=\"high\" decoding=\"async\" width=\"770\" height=\"470\" src=\"https:\/\/alminutonoticia.com\/noticias\/wp-content\/uploads\/2025\/01\/este-odebrecht.jpg\" alt=\"\" class=\"wp-image-13444\" title=\"\" srcset=\"https:\/\/alminutonoticia.com\/noticias\/wp-content\/uploads\/2025\/01\/este-odebrecht.jpg 770w, https:\/\/alminutonoticia.com\/noticias\/wp-content\/uploads\/2025\/01\/este-odebrecht-300x183.jpg 300w, https:\/\/alminutonoticia.com\/noticias\/wp-content\/uploads\/2025\/01\/este-odebrecht-768x469.jpg 768w\" sizes=\"(max-width: 770px) 100vw, 770px\" \/><\/a><\/figure>\n","protected":false},"excerpt":{"rendered":"<p>A la espera de que se cumplan con las solicitudes de asistencias judiciales internacionales, que permitan un contradictorio que garantice el efectivo derecho a la defensa, la Jueza Primera de Liquidaci\u00f3n de Causas Penales del Primer Circuito Judicial de Panam\u00e1, adjunta, Balo\u00edsa Marqu\u00ednez Mor\u00e1n, reprogram\u00f3 la audiencia ordinaria del denominado caso \u201cOdebrecht\u201d para la fecha [&hellip;]<\/p>\n","protected":false},"author":3,"featured_media":13444,"comment_status":"open","ping_status":"open","sticky":false,"template":"","format":"standard","meta":{"footnotes":""},"categories":[36],"tags":[],"class_list":["post-13443","post","type-post","status-publish","format-standard","has-post-thumbnail","hentry","category-nacionales"],"_links":{"self":[{"href":"https:\/\/alminutonoticia.com\/noticias\/wp-json\/wp\/v2\/posts\/13443","targetHints":{"allow":["GET"]}}],"collection":[{"href":"https:\/\/alminutonoticia.com\/noticias\/wp-json\/wp\/v2\/posts"}],"about":[{"href":"https:\/\/alminutonoticia.com\/noticias\/wp-json\/wp\/v2\/types\/post"}],"author":[{"embeddable":true,"href":"https:\/\/alminutonoticia.com\/noticias\/wp-json\/wp\/v2\/users\/3"}],"replies":[{"embeddable":true,"href":"https:\/\/alminutonoticia.com\/noticias\/wp-json\/wp\/v2\/comments?post=13443"}],"version-history":[{"count":1,"href":"https:\/\/alminutonoticia.com\/noticias\/wp-json\/wp\/v2\/posts\/13443\/revisions"}],"predecessor-version":[{"id":13445,"href":"https:\/\/alminutonoticia.com\/noticias\/wp-json\/wp\/v2\/posts\/13443\/revisions\/13445"}],"wp:featuredmedia":[{"embeddable":true,"href":"https:\/\/alminutonoticia.com\/noticias\/wp-json\/wp\/v2\/media\/13444"}],"wp:attachment":[{"href":"https:\/\/alminutonoticia.com\/noticias\/wp-json\/wp\/v2\/media?parent=13443"}],"wp:term":[{"taxonomy":"category","embeddable":true,"href":"https:\/\/alminutonoticia.com\/noticias\/wp-json\/wp\/v2\/categories?post=13443"},{"taxonomy":"post_tag","embeddable":true,"href":"https:\/\/alminutonoticia.com\/noticias\/wp-json\/wp\/v2\/tags?post=13443"}],"curies":[{"name":"wp","href":"https:\/\/api.w.org\/{rel}","templated":true}]}}