{"id":13432,"date":"2025-01-11T11:54:57","date_gmt":"2025-01-11T11:54:57","guid":{"rendered":"https:\/\/alminutonoticia.com\/noticias\/?p=13432"},"modified":"2025-01-15T12:37:30","modified_gmt":"2025-01-15T12:37:30","slug":"todo-listo-para-manana-el-desfile-de-las-mil-polleras-en-las-tablas","status":"publish","type":"post","link":"https:\/\/alminutonoticia.com\/noticias\/todo-listo-para-manana-el-desfile-de-las-mil-polleras-en-las-tablas\/","title":{"rendered":"Todo listo para ma\u00f1ana el desfile de las Mil Polleras en Las Tablas\u00a0\u00a0"},"content":{"rendered":"\n<p>El Desfile de las Mil Polleras es uno de los eventos culturales m\u00e1s emblem\u00e1ticos del pa\u00eds, atrayendo a miles de visitantes nacionales e internacionales. Con el objetivo de garantizar la seguridad y el bienestar de todos los asistentes, se ha establecido un completo plan entre la Autoridad de Turismo de Panam\u00e1, en colaboraci\u00f3n con las autoridades locales, la Polic\u00eda Nacional y otras entidades. La planificaci\u00f3n incluye las siguientes medidas:<\/p>\n\n\n\n<p><strong>Servicios M\u00e9dicos:<\/strong><\/p>\n\n\n\n<p>Se dispondr\u00e1 de 13 ambulancias a lo largo de la ruta del desfile, asegurando una respuesta r\u00e1pida ante cualquier eventualidad.<br>Una cl\u00ednica m\u00f3vil estar\u00e1 ubicada frente a la Gobernaci\u00f3n, equipada con un equipo de m\u00e9dicos y enfermeras que brindar\u00e1n atenci\u00f3n inmediata.<\/p>\n\n\n\n<p><strong>Fuerzas de Seguridad:<\/strong><\/p>\n\n\n\n<p>M\u00e1s de 500 unidades de la Polic\u00eda Nacional estar\u00e1n desplegadas en la provincia y a lo largo de la ruta del desfile, garantizando un ambiente seguro para todos los participantes y espectadores.<\/p>\n\n\n\n<p><strong>Mapa Digital:<\/strong><\/p>\n\n\n\n<p>Se compartir\u00e1 un mapa digital entre colaboradores y clientes, en respuesta a la solicitud de los estamentos de seguridad, facilitando la coordinaci\u00f3n y el seguimiento del evento.<\/p>\n\n\n\n<p><strong>Centro de Operaciones:<\/strong><\/p>\n\n\n\n<p>Las operaciones de seguridad y emergencia estar\u00e1n centralizadas en el Cuartel de Bomberos de Las Tablas, que iniciar\u00e1 labores a partir de las 10 a.m., asegurando una r\u00e1pida gesti\u00f3n ante cualquier situaci\u00f3n.<\/p>\n\n\n\n<p><strong>Estamentos en Operaci\u00f3n:<\/strong><\/p>\n\n\n\n<p>Se contar\u00e1 con la colaboraci\u00f3n de diversas entidades, incluyendo SUME 911, SINAPROC, MINSA, Cruz Roja y la Aeronaval, trabajando en conjunto para garantizar la seguridad de todos.<\/p>\n\n\n\n<p>La organizaci\u00f3n ha culminado tambi\u00e9n con la definici\u00f3n del orden de partida para las m\u00e1s de 110 delegaciones que participar\u00e1n en este evento tradicional, que resalta la riqueza cultural y folcl\u00f3rica de nuestra regi\u00f3n.<\/p>\n\n\n\n<p>Este a\u00f1o, el desfile contar\u00e1 con la participaci\u00f3n de delegaciones p\u00fablicas, privadas, familias y conjuntos folcl\u00f3ricos entre otros, todos listos para mostrar lo mejor de nuestras tradiciones.<\/p>\n\n\n\n<figure class=\"wp-block-image size-full\"><a href=\"https:\/\/alminutonoticia.com\/noticias\/wp-content\/uploads\/2025\/01\/desfinado-770x470-1.jpeg\"><img fetchpriority=\"high\" decoding=\"async\" width=\"770\" height=\"470\" src=\"https:\/\/alminutonoticia.com\/noticias\/wp-content\/uploads\/2025\/01\/desfinado-770x470-1.jpeg\" alt=\"\" class=\"wp-image-13433\" title=\"\" srcset=\"https:\/\/alminutonoticia.com\/noticias\/wp-content\/uploads\/2025\/01\/desfinado-770x470-1.jpeg 770w, https:\/\/alminutonoticia.com\/noticias\/wp-content\/uploads\/2025\/01\/desfinado-770x470-1-300x183.jpeg 300w, https:\/\/alminutonoticia.com\/noticias\/wp-content\/uploads\/2025\/01\/desfinado-770x470-1-768x469.jpeg 768w\" sizes=\"(max-width: 770px) 100vw, 770px\" \/><\/a><\/figure>\n","protected":false},"excerpt":{"rendered":"<p>El Desfile de las Mil Polleras es uno de los eventos culturales m\u00e1s emblem\u00e1ticos del pa\u00eds, atrayendo a miles de visitantes nacionales e internacionales. Con el objetivo de garantizar la seguridad y el bienestar de todos los asistentes, se ha establecido un completo plan entre la Autoridad de Turismo de Panam\u00e1, en colaboraci\u00f3n con las [&hellip;]<\/p>\n","protected":false},"author":3,"featured_media":13433,"comment_status":"open","ping_status":"open","sticky":false,"template":"","format":"standard","meta":{"footnotes":""},"categories":[41,36],"tags":[],"class_list":["post-13432","post","type-post","status-publish","format-standard","has-post-thumbnail","hentry","category-cultura-y-farandula","category-nacionales"],"_links":{"self":[{"href":"https:\/\/alminutonoticia.com\/noticias\/wp-json\/wp\/v2\/posts\/13432","targetHints":{"allow":["GET"]}}],"collection":[{"href":"https:\/\/alminutonoticia.com\/noticias\/wp-json\/wp\/v2\/posts"}],"about":[{"href":"https:\/\/alminutonoticia.com\/noticias\/wp-json\/wp\/v2\/types\/post"}],"author":[{"embeddable":true,"href":"https:\/\/alminutonoticia.com\/noticias\/wp-json\/wp\/v2\/users\/3"}],"replies":[{"embeddable":true,"href":"https:\/\/alminutonoticia.com\/noticias\/wp-json\/wp\/v2\/comments?post=13432"}],"version-history":[{"count":1,"href":"https:\/\/alminutonoticia.com\/noticias\/wp-json\/wp\/v2\/posts\/13432\/revisions"}],"predecessor-version":[{"id":13434,"href":"https:\/\/alminutonoticia.com\/noticias\/wp-json\/wp\/v2\/posts\/13432\/revisions\/13434"}],"wp:featuredmedia":[{"embeddable":true,"href":"https:\/\/alminutonoticia.com\/noticias\/wp-json\/wp\/v2\/media\/13433"}],"wp:attachment":[{"href":"https:\/\/alminutonoticia.com\/noticias\/wp-json\/wp\/v2\/media?parent=13432"}],"wp:term":[{"taxonomy":"category","embeddable":true,"href":"https:\/\/alminutonoticia.com\/noticias\/wp-json\/wp\/v2\/categories?post=13432"},{"taxonomy":"post_tag","embeddable":true,"href":"https:\/\/alminutonoticia.com\/noticias\/wp-json\/wp\/v2\/tags?post=13432"}],"curies":[{"name":"wp","href":"https:\/\/api.w.org\/{rel}","templated":true}]}}