{"id":13416,"date":"2025-01-01T12:25:21","date_gmt":"2025-01-01T12:25:21","guid":{"rendered":"https:\/\/alminutonoticia.com\/noticias\/?p=13416"},"modified":"2025-01-01T12:25:23","modified_gmt":"2025-01-01T12:25:23","slug":"policia-nacional-intensifica-la-seguridad-en-la-calzada-de-amador","status":"publish","type":"post","link":"https:\/\/alminutonoticia.com\/noticias\/policia-nacional-intensifica-la-seguridad-en-la-calzada-de-amador\/","title":{"rendered":"Polic\u00eda Nacional intensifica la seguridad en la Calzada de Amador"},"content":{"rendered":"\n<p>La Polic\u00eda Nacional implementa las acciones preventivas y operativas, entre estos, los retenes para brindarles la seguridad a los turistas nacionales, extranjeros y comerciantes en la Calzada de Amador.<\/p>\n\n\n\n<p>En el operativo de seguridad, se realizar\u00e1 la constante vigilancia mediante el patrullaje; as\u00ed mismo, unidades de la Direcci\u00f3n Nacional de Operaciones de Tr\u00e1nsito se mantendr\u00e1n el lugar para garantizar el orden del fluido veh\u00edcular en el \u00e1rea.<\/p>\n\n\n\n<p>Estas acciones, complementan otras que se desarrollan a nivel nacional durante las fiestas de fin de a\u00f1o y en la estaci\u00f3n seca, para la que ya se lanz\u00f3 el operativo Verano Seguro, que se enfoca en el Carnaval, Semana Santa, inici\u00f3 del a\u00f1o escolar y otras actividades, incluyendo la vigilancia en \u00e1reas tur\u00edsticas, playas y balnearios.<\/p>\n\n\n\n<figure class=\"wp-block-image size-full\"><a href=\"https:\/\/alminutonoticia.com\/noticias\/wp-content\/uploads\/2025\/01\/subio-1-1-770x470-1.jpg\"><img fetchpriority=\"high\" decoding=\"async\" width=\"770\" height=\"470\" src=\"https:\/\/alminutonoticia.com\/noticias\/wp-content\/uploads\/2025\/01\/subio-1-1-770x470-1.jpg\" alt=\"\" class=\"wp-image-13417\" title=\"\" srcset=\"https:\/\/alminutonoticia.com\/noticias\/wp-content\/uploads\/2025\/01\/subio-1-1-770x470-1.jpg 770w, https:\/\/alminutonoticia.com\/noticias\/wp-content\/uploads\/2025\/01\/subio-1-1-770x470-1-300x183.jpg 300w, https:\/\/alminutonoticia.com\/noticias\/wp-content\/uploads\/2025\/01\/subio-1-1-770x470-1-768x469.jpg 768w\" sizes=\"(max-width: 770px) 100vw, 770px\" \/><\/a><\/figure>\n","protected":false},"excerpt":{"rendered":"<p>La Polic\u00eda Nacional implementa las acciones preventivas y operativas, entre estos, los retenes para brindarles la seguridad a los turistas nacionales, extranjeros y comerciantes en la Calzada de Amador. En el operativo de seguridad, se realizar\u00e1 la constante vigilancia mediante el patrullaje; as\u00ed mismo, unidades de la Direcci\u00f3n Nacional de Operaciones de Tr\u00e1nsito se mantendr\u00e1n [&hellip;]<\/p>\n","protected":false},"author":3,"featured_media":13417,"comment_status":"open","ping_status":"open","sticky":false,"template":"","format":"standard","meta":{"footnotes":""},"categories":[36],"tags":[],"class_list":["post-13416","post","type-post","status-publish","format-standard","has-post-thumbnail","hentry","category-nacionales"],"_links":{"self":[{"href":"https:\/\/alminutonoticia.com\/noticias\/wp-json\/wp\/v2\/posts\/13416","targetHints":{"allow":["GET"]}}],"collection":[{"href":"https:\/\/alminutonoticia.com\/noticias\/wp-json\/wp\/v2\/posts"}],"about":[{"href":"https:\/\/alminutonoticia.com\/noticias\/wp-json\/wp\/v2\/types\/post"}],"author":[{"embeddable":true,"href":"https:\/\/alminutonoticia.com\/noticias\/wp-json\/wp\/v2\/users\/3"}],"replies":[{"embeddable":true,"href":"https:\/\/alminutonoticia.com\/noticias\/wp-json\/wp\/v2\/comments?post=13416"}],"version-history":[{"count":1,"href":"https:\/\/alminutonoticia.com\/noticias\/wp-json\/wp\/v2\/posts\/13416\/revisions"}],"predecessor-version":[{"id":13418,"href":"https:\/\/alminutonoticia.com\/noticias\/wp-json\/wp\/v2\/posts\/13416\/revisions\/13418"}],"wp:featuredmedia":[{"embeddable":true,"href":"https:\/\/alminutonoticia.com\/noticias\/wp-json\/wp\/v2\/media\/13417"}],"wp:attachment":[{"href":"https:\/\/alminutonoticia.com\/noticias\/wp-json\/wp\/v2\/media?parent=13416"}],"wp:term":[{"taxonomy":"category","embeddable":true,"href":"https:\/\/alminutonoticia.com\/noticias\/wp-json\/wp\/v2\/categories?post=13416"},{"taxonomy":"post_tag","embeddable":true,"href":"https:\/\/alminutonoticia.com\/noticias\/wp-json\/wp\/v2\/tags?post=13416"}],"curies":[{"name":"wp","href":"https:\/\/api.w.org\/{rel}","templated":true}]}}