{"id":13410,"date":"2025-01-01T12:19:28","date_gmt":"2025-01-01T12:19:28","guid":{"rendered":"https:\/\/alminutonoticia.com\/noticias\/?p=13410"},"modified":"2025-01-01T12:19:29","modified_gmt":"2025-01-01T12:19:29","slug":"editorial-25-anos-de-soberania-el-canal-de-panama-y-la-lucha-por-nuestra-independencia","status":"publish","type":"post","link":"https:\/\/alminutonoticia.com\/noticias\/editorial-25-anos-de-soberania-el-canal-de-panama-y-la-lucha-por-nuestra-independencia\/","title":{"rendered":"EDITORIAL| 25 A\u00f1os de soberan\u00eda: El Canal de Panam\u00e1 y la lucha por nuestra independencia"},"content":{"rendered":"\n<p>El 31 de diciembre de 1999, el Canal de Panam\u00e1 pas\u00f3 a manos paname\u00f1as, un momento que marc\u00f3 un antes y un despu\u00e9s en nuestra historia como naci\u00f3n. 25 a\u00f1os despu\u00e9s, celebramos este hito con orgullo, recordando que el control de esta v\u00eda interoce\u00e1nica no fue un regalo, sino el resultado de una lucha tenaz por la soberan\u00eda, la justicia y el derecho de decidir nuestro propio destino.<\/p>\n\n\n\n<p><strong>De la gesta de 1964 al 31 de diciembre de 1999<\/strong><\/p>\n\n\n\n<p>El camino hacia la soberan\u00eda no fue f\u00e1cil. El 9 de enero de 1964, j\u00f3venes paname\u00f1os dieron sus vidas exigiendo que la bandera nacional ondeara en la Zona del Canal, un acto heroico que abri\u00f3 el camino hacia la negociaci\u00f3n de los Tratados Torrijos-Carter en 1977. Estos acuerdos, firmados por el general Omar Torrijos y el entonces presidente de los Estados Unidos, Jimmy Carter, sellaron la fecha para la reversi\u00f3n del Canal a Panam\u00e1.<\/p>\n\n\n\n<p>Esa gesta de 1964, conocida como el \u00abD\u00eda de los m\u00e1rtires,\u00bb y el liderazgo visionario de Torrijos marcaron el inicio de un proceso que culmin\u00f3 con la entrega del Canal, transform\u00e1ndolo en un s\u00edmbolo de nuestra capacidad de autogesti\u00f3n y prosperidad. Hoy, el Canal no solo es una fuente clave de ingresos para nuestro pa\u00eds, sino tambi\u00e9n un ejemplo de c\u00f3mo un pueblo puede superar los retos del colonialismo y la intervenci\u00f3n extranjera.<\/p>\n\n\n\n<p><strong>El legado de Jimmy Carter y la pol\u00edtica&nbsp;actual<\/strong><\/p>\n\n\n\n<p>La reciente muerte del expresidente Jimmy Carter, a los 100 a\u00f1os, revive su papel crucial en la historia de Panam\u00e1. Aunque el 9 de enero ser\u00e1 un d\u00eda de duelo nacional en Estados Unidos por su sepelio, para los paname\u00f1os esta fecha representa algo mucho m\u00e1s profundo: la memoria de aquellos m\u00e1rtires que se enfrentaron al imperialismo para abrir el camino hacia la soberan\u00eda total.<\/p>\n\n\n\n<p>Sin embargo, no podemos ignorar las amenazas y tensiones recientes. Declaraciones como las del expresidente estadounidense Donald Trump, sugiriendo una posible recuperaci\u00f3n del control del Canal por parte de Estados Unidos, han despertado nuevamente viejos temores. Es un recordatorio de que la lucha por nuestra independencia no termina, y que debemos estar vigilantes para proteger lo que con tanto sacrificio logramos.<\/p>\n\n\n\n<p><strong>El Canal, un testimonio de nuestra lealtad y amor por la patria<\/strong><\/p>\n\n\n\n<p>Hoy, al celebrar estos 25 a\u00f1os, honramos a quienes lucharon por nuestra soberan\u00eda, desde los estudiantes de 1964 hasta los l\u00edderes visionarios que negociaron los tratados. El Canal de Panam\u00e1, administrado por manos paname\u00f1as, es un s\u00edmbolo de nuestra capacidad de superaci\u00f3n, de nuestro amor por el pa\u00eds y de la lealtad a los valores de independencia y justicia.<\/p>\n\n\n\n<p>M\u00e1s all\u00e1 de las celebraciones, estos 25 a\u00f1os nos llaman a reflexionar: \u00bfqu\u00e9 significa ser verdaderamente soberanos? Significa no solo proteger el Canal, sino tambi\u00e9n garantizar que sus beneficios lleguen a todos los paname\u00f1os. Significa mantenernos unidos frente a cualquier intento de vulnerar nuestra independencia.<\/p>\n\n\n\n<p>Hoy, Panam\u00e1 sigue escribiendo su historia, y el Canal es testigo de nuestra resiliencia y capacidad. Porque no somos solo administradores de una v\u00eda interoce\u00e1nica; somos herederos de una lucha y guardianes de un legado que seguir\u00e1 siendo nuestra bandera de soberan\u00eda e independencia.<\/p>\n\n\n\n<p>Panam\u00e1, 25 a\u00f1os despu\u00e9s, m\u00e1s fuerte y m\u00e1s libre que nunca.<\/p>\n\n\n\n<figure class=\"wp-block-image size-full\"><a href=\"https:\/\/alminutonoticia.com\/noticias\/wp-content\/uploads\/2025\/01\/cnline-s-770x470-1.jpeg\"><img fetchpriority=\"high\" decoding=\"async\" width=\"770\" height=\"470\" src=\"https:\/\/alminutonoticia.com\/noticias\/wp-content\/uploads\/2025\/01\/cnline-s-770x470-1.jpeg\" alt=\"\" class=\"wp-image-13411\" title=\"\" srcset=\"https:\/\/alminutonoticia.com\/noticias\/wp-content\/uploads\/2025\/01\/cnline-s-770x470-1.jpeg 770w, https:\/\/alminutonoticia.com\/noticias\/wp-content\/uploads\/2025\/01\/cnline-s-770x470-1-300x183.jpeg 300w, https:\/\/alminutonoticia.com\/noticias\/wp-content\/uploads\/2025\/01\/cnline-s-770x470-1-768x469.jpeg 768w\" sizes=\"(max-width: 770px) 100vw, 770px\" \/><\/a><\/figure>\n","protected":false},"excerpt":{"rendered":"<p>El 31 de diciembre de 1999, el Canal de Panam\u00e1 pas\u00f3 a manos paname\u00f1as, un momento que marc\u00f3 un antes y un despu\u00e9s en nuestra historia como naci\u00f3n. 25 a\u00f1os despu\u00e9s, celebramos este hito con orgullo, recordando que el control de esta v\u00eda interoce\u00e1nica no fue un regalo, sino el resultado de una lucha tenaz [&hellip;]<\/p>\n","protected":false},"author":3,"featured_media":13411,"comment_status":"open","ping_status":"open","sticky":false,"template":"","format":"standard","meta":{"footnotes":""},"categories":[36],"tags":[],"class_list":["post-13410","post","type-post","status-publish","format-standard","has-post-thumbnail","hentry","category-nacionales"],"_links":{"self":[{"href":"https:\/\/alminutonoticia.com\/noticias\/wp-json\/wp\/v2\/posts\/13410","targetHints":{"allow":["GET"]}}],"collection":[{"href":"https:\/\/alminutonoticia.com\/noticias\/wp-json\/wp\/v2\/posts"}],"about":[{"href":"https:\/\/alminutonoticia.com\/noticias\/wp-json\/wp\/v2\/types\/post"}],"author":[{"embeddable":true,"href":"https:\/\/alminutonoticia.com\/noticias\/wp-json\/wp\/v2\/users\/3"}],"replies":[{"embeddable":true,"href":"https:\/\/alminutonoticia.com\/noticias\/wp-json\/wp\/v2\/comments?post=13410"}],"version-history":[{"count":1,"href":"https:\/\/alminutonoticia.com\/noticias\/wp-json\/wp\/v2\/posts\/13410\/revisions"}],"predecessor-version":[{"id":13412,"href":"https:\/\/alminutonoticia.com\/noticias\/wp-json\/wp\/v2\/posts\/13410\/revisions\/13412"}],"wp:featuredmedia":[{"embeddable":true,"href":"https:\/\/alminutonoticia.com\/noticias\/wp-json\/wp\/v2\/media\/13411"}],"wp:attachment":[{"href":"https:\/\/alminutonoticia.com\/noticias\/wp-json\/wp\/v2\/media?parent=13410"}],"wp:term":[{"taxonomy":"category","embeddable":true,"href":"https:\/\/alminutonoticia.com\/noticias\/wp-json\/wp\/v2\/categories?post=13410"},{"taxonomy":"post_tag","embeddable":true,"href":"https:\/\/alminutonoticia.com\/noticias\/wp-json\/wp\/v2\/tags?post=13410"}],"curies":[{"name":"wp","href":"https:\/\/api.w.org\/{rel}","templated":true}]}}