{"id":13407,"date":"2025-01-01T12:16:51","date_gmt":"2025-01-01T12:16:51","guid":{"rendered":"https:\/\/alminutonoticia.com\/noticias\/?p=13407"},"modified":"2025-01-01T12:16:52","modified_gmt":"2025-01-01T12:16:52","slug":"cortizo-reaparece-en-publico-habla-de-trump-y-de-su-estado-de-salud-sigoboxendo","status":"publish","type":"post","link":"https:\/\/alminutonoticia.com\/noticias\/cortizo-reaparece-en-publico-habla-de-trump-y-de-su-estado-de-salud-sigoboxendo\/","title":{"rendered":"Cortizo reaparece en p\u00fablico, habla de Trump y de su estado de salud\u2026 \u2018Sigo,boxendo\u2019"},"content":{"rendered":"\n<p>El expresidente Laurentino Cortizo particip\u00f3 este 31 de diciembre en la conmemoraci\u00f3n de los 25 a\u00f1os de la transferencia del Canal de Panam\u00e1 a manos paname\u00f1as.<\/p>\n\n\n\n<p>Cortizo hizo \u00e9nfasis en la importancia de proyectos como R\u00edo Indio, una propuesta largamente postergada y crucial para la seguridad h\u00eddrica del Canal.<\/p>\n\n\n\n<p>En un giro inesperado, el expresidente record\u00f3 una conversaci\u00f3n que sostuvo con Donald Trump durante la pandemia. Seg\u00fan su relato, tuvo que corregir al exmandatario estadounidense, quien insinu\u00f3 que el Canal estaba bajo administraci\u00f3n china.<\/p>\n\n\n\n<p>Agreg\u00f3: \u201c\u00c9l (Donald Trump) en ese tipo de declaraciones tiene otro objetivo y yo no voy a entrar en ese otro objetivo, pero pienso que puede estar vinculado al tema de la migraci\u00f3n irregular, pero bueno, est\u00e1 equivocado, el Canal es paname\u00f1o y seguir\u00e1 siendo paname\u00f1o\u00bb.<\/p>\n\n\n\n<p>Por \u00faltimo, al ser consultado sobre su estado de salud, Cortizo respondi\u00f3 con la frase \u201csigo boxeando\u201d, una met\u00e1fora que, si bien intenta transmitir resiliencia, tambi\u00e9n podr\u00eda interpretarse como una evasi\u00f3n.<\/p>\n\n\n\n<figure class=\"wp-block-image size-full\"><a href=\"https:\/\/alminutonoticia.com\/noticias\/wp-content\/uploads\/2025\/01\/inform.jpg\"><img fetchpriority=\"high\" decoding=\"async\" width=\"695\" height=\"468\" src=\"https:\/\/alminutonoticia.com\/noticias\/wp-content\/uploads\/2025\/01\/inform.jpg\" alt=\"\" class=\"wp-image-13408\" title=\"\" srcset=\"https:\/\/alminutonoticia.com\/noticias\/wp-content\/uploads\/2025\/01\/inform.jpg 695w, https:\/\/alminutonoticia.com\/noticias\/wp-content\/uploads\/2025\/01\/inform-300x202.jpg 300w\" sizes=\"(max-width: 695px) 100vw, 695px\" \/><\/a><\/figure>\n","protected":false},"excerpt":{"rendered":"<p>El expresidente Laurentino Cortizo particip\u00f3 este 31 de diciembre en la conmemoraci\u00f3n de los 25 a\u00f1os de la transferencia del Canal de Panam\u00e1 a manos paname\u00f1as. Cortizo hizo \u00e9nfasis en la importancia de proyectos como R\u00edo Indio, una propuesta largamente postergada y crucial para la seguridad h\u00eddrica del Canal. En un giro inesperado, el expresidente [&hellip;]<\/p>\n","protected":false},"author":3,"featured_media":13408,"comment_status":"open","ping_status":"open","sticky":false,"template":"","format":"standard","meta":{"footnotes":""},"categories":[36],"tags":[],"class_list":["post-13407","post","type-post","status-publish","format-standard","has-post-thumbnail","hentry","category-nacionales"],"_links":{"self":[{"href":"https:\/\/alminutonoticia.com\/noticias\/wp-json\/wp\/v2\/posts\/13407","targetHints":{"allow":["GET"]}}],"collection":[{"href":"https:\/\/alminutonoticia.com\/noticias\/wp-json\/wp\/v2\/posts"}],"about":[{"href":"https:\/\/alminutonoticia.com\/noticias\/wp-json\/wp\/v2\/types\/post"}],"author":[{"embeddable":true,"href":"https:\/\/alminutonoticia.com\/noticias\/wp-json\/wp\/v2\/users\/3"}],"replies":[{"embeddable":true,"href":"https:\/\/alminutonoticia.com\/noticias\/wp-json\/wp\/v2\/comments?post=13407"}],"version-history":[{"count":1,"href":"https:\/\/alminutonoticia.com\/noticias\/wp-json\/wp\/v2\/posts\/13407\/revisions"}],"predecessor-version":[{"id":13409,"href":"https:\/\/alminutonoticia.com\/noticias\/wp-json\/wp\/v2\/posts\/13407\/revisions\/13409"}],"wp:featuredmedia":[{"embeddable":true,"href":"https:\/\/alminutonoticia.com\/noticias\/wp-json\/wp\/v2\/media\/13408"}],"wp:attachment":[{"href":"https:\/\/alminutonoticia.com\/noticias\/wp-json\/wp\/v2\/media?parent=13407"}],"wp:term":[{"taxonomy":"category","embeddable":true,"href":"https:\/\/alminutonoticia.com\/noticias\/wp-json\/wp\/v2\/categories?post=13407"},{"taxonomy":"post_tag","embeddable":true,"href":"https:\/\/alminutonoticia.com\/noticias\/wp-json\/wp\/v2\/tags?post=13407"}],"curies":[{"name":"wp","href":"https:\/\/api.w.org\/{rel}","templated":true}]}}