{"id":13401,"date":"2025-01-01T12:13:33","date_gmt":"2025-01-01T12:13:33","guid":{"rendered":"https:\/\/alminutonoticia.com\/noticias\/?p=13401"},"modified":"2025-01-01T12:13:34","modified_gmt":"2025-01-01T12:13:34","slug":"ordenan-la-detencion-e-imputan-cargos-a-un-hombre-por-rociar-aceite-caliente-a-su-hermana-y-sobrino","status":"publish","type":"post","link":"https:\/\/alminutonoticia.com\/noticias\/ordenan-la-detencion-e-imputan-cargos-a-un-hombre-por-rociar-aceite-caliente-a-su-hermana-y-sobrino\/","title":{"rendered":"Ordenan la detenci\u00f3n e imputan cargos a un hombre por rociar aceite caliente a su hermana y sobrino"},"content":{"rendered":"\n<p>La Fiscal\u00eda Regional de Bocas del Toro, logr\u00f3 en una audiencia de control de garant\u00edas a trav\u00e9s de la sustentaci\u00f3n realizada por la fiscal Karina Cepeda se la Secci\u00f3n Especializada de Familia, que se ordenara la detenci\u00f3n provisional de un hombre, tras ser se\u00f1alado presuntamente como responsable por el delito de violencia dom\u00e9stica, en perjuicio de su hermana y su sobrino de nueve meses.<\/p>\n\n\n\n<p>La fiscal Karina Cepeda, sustent\u00f3 ante el Juez de Garant\u00edas, elementos de convicci\u00f3n que acreditan la conducta penal y vinculaci\u00f3n con el se\u00f1alado, logrando de esta manera que se admitieran las peticiones de legalizar su aprehensi\u00f3n, formular el cargo y por el riesgo para las v\u00edctimas que se ordenara la detenci\u00f3n provisional por el t\u00e9rmino de la investigaci\u00f3n.<\/p>\n\n\n\n<p>Lo anterior est\u00e1 relacionado con un hecho suscitado el 27 de diciembre del 2024, en El Pantanal, distrito de Changuinola, cuando en medio de una discusi\u00f3n el presunto agresor lanz\u00f3 una paila de aceite caliente a su hermana y a su sobrino de nueve meses, lo que llev\u00f3 a que ambos tuvieran que se recluidos en un centro m\u00e9dico en la provincia de Chiriqu\u00ed, en donde se mantienen bajo supervisi\u00f3n m\u00e9dica.<\/p>\n\n\n\n<p>Cabe se\u00f1alar que, una vez suscitado el hecho, a trav\u00e9s de la Secci\u00f3n de Atenci\u00f3n Primaria, en conjunto con la Polic\u00eda Nacional se hicieron las diligencias necesarias, logrando dar con la aprehensi\u00f3n de la persona se\u00f1alada.<\/p>\n\n\n\n<figure class=\"wp-block-image size-full\"><a href=\"https:\/\/alminutonoticia.com\/noticias\/wp-content\/uploads\/2025\/01\/chnguinols-1-770x470-1.jpeg\"><img fetchpriority=\"high\" decoding=\"async\" width=\"770\" height=\"470\" src=\"https:\/\/alminutonoticia.com\/noticias\/wp-content\/uploads\/2025\/01\/chnguinols-1-770x470-1.jpeg\" alt=\"\" class=\"wp-image-13402\" title=\"\" srcset=\"https:\/\/alminutonoticia.com\/noticias\/wp-content\/uploads\/2025\/01\/chnguinols-1-770x470-1.jpeg 770w, https:\/\/alminutonoticia.com\/noticias\/wp-content\/uploads\/2025\/01\/chnguinols-1-770x470-1-300x183.jpeg 300w, https:\/\/alminutonoticia.com\/noticias\/wp-content\/uploads\/2025\/01\/chnguinols-1-770x470-1-768x469.jpeg 768w\" sizes=\"(max-width: 770px) 100vw, 770px\" \/><\/a><\/figure>\n","protected":false},"excerpt":{"rendered":"<p>La Fiscal\u00eda Regional de Bocas del Toro, logr\u00f3 en una audiencia de control de garant\u00edas a trav\u00e9s de la sustentaci\u00f3n realizada por la fiscal Karina Cepeda se la Secci\u00f3n Especializada de Familia, que se ordenara la detenci\u00f3n provisional de un hombre, tras ser se\u00f1alado presuntamente como responsable por el delito de violencia dom\u00e9stica, en perjuicio [&hellip;]<\/p>\n","protected":false},"author":3,"featured_media":0,"comment_status":"open","ping_status":"open","sticky":false,"template":"","format":"standard","meta":{"footnotes":""},"categories":[1],"tags":[],"class_list":["post-13401","post","type-post","status-publish","format-standard","hentry","category-sin-categoria"],"_links":{"self":[{"href":"https:\/\/alminutonoticia.com\/noticias\/wp-json\/wp\/v2\/posts\/13401","targetHints":{"allow":["GET"]}}],"collection":[{"href":"https:\/\/alminutonoticia.com\/noticias\/wp-json\/wp\/v2\/posts"}],"about":[{"href":"https:\/\/alminutonoticia.com\/noticias\/wp-json\/wp\/v2\/types\/post"}],"author":[{"embeddable":true,"href":"https:\/\/alminutonoticia.com\/noticias\/wp-json\/wp\/v2\/users\/3"}],"replies":[{"embeddable":true,"href":"https:\/\/alminutonoticia.com\/noticias\/wp-json\/wp\/v2\/comments?post=13401"}],"version-history":[{"count":1,"href":"https:\/\/alminutonoticia.com\/noticias\/wp-json\/wp\/v2\/posts\/13401\/revisions"}],"predecessor-version":[{"id":13403,"href":"https:\/\/alminutonoticia.com\/noticias\/wp-json\/wp\/v2\/posts\/13401\/revisions\/13403"}],"wp:attachment":[{"href":"https:\/\/alminutonoticia.com\/noticias\/wp-json\/wp\/v2\/media?parent=13401"}],"wp:term":[{"taxonomy":"category","embeddable":true,"href":"https:\/\/alminutonoticia.com\/noticias\/wp-json\/wp\/v2\/categories?post=13401"},{"taxonomy":"post_tag","embeddable":true,"href":"https:\/\/alminutonoticia.com\/noticias\/wp-json\/wp\/v2\/tags?post=13401"}],"curies":[{"name":"wp","href":"https:\/\/api.w.org\/{rel}","templated":true}]}}