{"id":13395,"date":"2025-01-01T12:04:27","date_gmt":"2025-01-01T12:04:27","guid":{"rendered":"https:\/\/alminutonoticia.com\/noticias\/?p=13395"},"modified":"2025-01-01T12:04:28","modified_gmt":"2025-01-01T12:04:28","slug":"mulino-no-hay-otras-manos-en-nuestro-canal-pueden-estar-tranquilos-en-nuestras-manos-se-va-quedar-por-siempre","status":"publish","type":"post","link":"https:\/\/alminutonoticia.com\/noticias\/mulino-no-hay-otras-manos-en-nuestro-canal-pueden-estar-tranquilos-en-nuestras-manos-se-va-quedar-por-siempre\/","title":{"rendered":"Mulino: \u2018No hay otras manos en nuestro canal\u2026 Pueden estar tranquilos, en nuestras manos se va quedar por siempre\u2019"},"content":{"rendered":"\n<p>Este 31&nbsp;de diciembre se conmemoran los 25 a\u00f1os de la reversi\u00f3n del Canal de Panam\u00e1 a los paname\u00f1os.<\/p>\n\n\n\n<p>Un d\u00eda en el que se realiz\u00f3 un acto protocolar para enaltecer a esos paname\u00f1os que han dejado huellas en esta obra que llena de orgullo a los habitantes de esta tierra llamada Panam\u00e1.<\/p>\n\n\n\n<p>El evento cont\u00f3 con la participaci\u00f3n de Ricaurte V\u00e1squez, administrador del Canal de Panam\u00e1; del se\u00f1or Miguel Guerra Santos, primer colaborador contratado por el Canal cuando pas\u00f3 a administraci\u00f3n paname\u00f1a; el ministro de Asuntos del Canal y presidente de la Junta Directiva del Canal Jos\u00e9 Ram\u00f3n Icaza,&nbsp;adem\u00e1s de las participaciones de la Banda Republicana, la cantante Juliette Roy, Luis Rosman y el presidente de la Rep\u00fablica, Jos\u00e9 Ra\u00fal Mulino, quien adem\u00e1s de izar el Pabell\u00f3n Nacional, se dirigi\u00f3 al pa\u00eds.<\/p>\n\n\n\n<p><strong>Discurso del presidente Mulino<\/strong><br>En este d\u00eda tan especial quiero saludar a todos los presentes y al pueblo paname\u00f1o. Una mezcla de alegr\u00eda por este 25 aniversario del Canal en manos paname\u00f1as y una tristeza que nos invade por la muerte del ex presidente Jimmy Carter, quien junto a Omar Torrijos y las generaciones precedentes, tuvieron la visi\u00f3n y la nobleza de recorrer el justo camino para que el Canal tuviese la nacionalidad que correspond\u00eda, la paname\u00f1a.<\/p>\n\n\n\n<p>Hace 25 a\u00f1os se hizo la entrega oficial del Canal de Panam\u00e1 a nuestra naci\u00f3n.<\/p>\n\n\n\n<p>Desde entonces, ha sido motivo de orgullo no solo para los nacionales, sino un ejemplo para el mundo de que una peque\u00f1a naci\u00f3n puede hacerse cargo de una responsabilidad tan grande.<\/p>\n\n\n\n<p>En nuestras manos el Canal no ha parado de crecer y son nuestras manos las que aportan en gran manera para que el comercio internacional avance por el camino del progreso, hacia nuevos niveles de grandeza.<\/p>\n\n\n\n<p>Esa grandeza impact\u00f3 en el comercio mundial, ya que muchos puertos en el mundo han modificado su estructura para brindarle a sus econom\u00edas m\u00e1s ventajas, con mayor eficiencia y competitividad.<\/p>\n\n\n\n<p>Es por nuestras manos neutrales que las naciones no temen que un Canal del nivel estrat\u00e9gico como el de Panam\u00e1, sea o tome parte activa en ning\u00fan conflicto. Porque a los paname\u00f1os nos interesa un mundo m\u00e1s conectado, con un comercio m\u00e1s abierto y con mayor intercambio de bienes entre los pa\u00edses.<\/p>\n\n\n\n<p>No hay otras manos en nuestro canal, m\u00e1s que las paname\u00f1as. Pueden estar tranquilos, en nuestras manos se va quedar por siempre.<\/p>\n\n\n\n<p>Hoy vemos la bandera paname\u00f1a ondear libremente como si hubiese estado ah\u00ed por siempre. Es importante que nuestros j\u00f3venes conozcan y mantengan bien presente el alt\u00edsimo costo de lucha y sangre que implic\u00f3 izar esta \u00fanica bandera como se\u00f1al inequ\u00edvoca de soberan\u00eda. Esa historia de patriotismo debe ser la antorcha inagotable de inspiraci\u00f3n y un ejemplo de tenacidad para las generaciones venideras.<\/p>\n\n\n\n<p>Por eso, aunque no me gusta hacer repasos hist\u00f3ricos en mis discursos, siento que esta vez es necesario porque veo con suma preocupaci\u00f3n el desconocimiento que hay, no solo en nuestros j\u00f3venes, sino en el exterior.<\/p>\n\n\n\n<p>Esta obra es fruto de acuerdos firmados en 1903, que hicieron posible la construcci\u00f3n del Canal, en el marco de nuestra independencia de Colombia, el 3 de noviembre de 1903.<\/p>\n\n\n\n<p>Para hacer realidad esta maravilla de la ingenier\u00eda, fue necesario el esfuerzo de m\u00e1s de 56 mil hombres. M\u00e1s de la mitad de ellos, aproximadamente 31 mil, proven\u00edan de las Antillas, mientras que el resto se divid\u00eda principalmente entre trabajadores de Europa y de los Estados Unidos, con cerca de 11 mil personas de cada regi\u00f3n. Este diverso grupo de trabajadores enfrent\u00f3 enormes desaf\u00edos para completar una de las obras m\u00e1s importantes de la historia.<\/p>\n\n\n\n<p>Durante d\u00e9cadas el Canal funcion\u00f3 de acuerdo a un tratado concebido en un mundo que ya no existe. Desde su firma, en 1903, han pasado dos Guerras Mundiales, se cre\u00f3 la ONU, que establec\u00eda un nuevo orden mundial, donde la igualdad jur\u00eddica de los Estados primaba sobre cualesquiera otras consideraciones, hist\u00f3ricas o diplom\u00e1ticas.<\/p>\n\n\n\n<p>Es ah\u00ed donde queda claro que el concepto de \u201cperpetuidad\u201d utilizado en ese tratado nunca fue viable ni apegado a la realidad de un pa\u00eds libre y democr\u00e1tico. Esa perpetuidad fue siempre rechazada en el tiempo, y sirvi\u00f3 en gestas nacionalistas a muchos l\u00edderes patrios en defensa de nuestra integridad.<\/p>\n\n\n\n<p>El 9 de enero de 1964, los m\u00e1rtires empiezan a reescribir, con valent\u00eda y sangre, la historia, al plantar bandera en un ic\u00f3nico paso hacia una nueva etapa de nuestra patria. Se inici\u00f3, con un gran sacrificio la etapa abrogacionista del Tratado que \u00abning\u00fan paname\u00f1o firm\u00f3\u00bb.<\/p>\n\n\n\n<p>Luego, el presidente Roberto F. Chiari impuls\u00f3 negociaciones m\u00e1s concretas tras la ruptura de relaciones con Estados Unidos, abriendo el camino a la estrategia y liderazgo diplom\u00e1tico del General Omar Torrijos y su equipo.<\/p>\n\n\n\n<p>En el a\u00f1o 1973, el Consejo de Seguridad de las Naciones Unidas reunido en Panam\u00e1 hizo evidente la gran lucha nacional por eliminar ese enclave ignominioso. Esta reuni\u00f3n en nuestro pa\u00eds fue clave en la b\u00fasqueda de una soluci\u00f3n integralmente justa para Panam\u00e1.<\/p>\n\n\n\n<p>Tambi\u00e9n conmemoramos el 50 aniversario del Acuerdo Tack-Kissinger, firmado en la ciudad de Panam\u00e1 el 7 de febrero de 1974 por nuestro canciller Juan Antonio Tack y el secretario de Estado de Estados Unidos, Henry Kissinger. En \u00e9l se establecieron los 8 principios de lo que ocurrir\u00eda en 1999, entre ellos el fin de la \u201cperpetuidad\u201d en la Zona del Canal, y sobre todo, la decisi\u00f3n de llevar a cabo \u2013 en un plazo breve \u2013 la terminaci\u00f3n de la jurisdicci\u00f3n de Estados Unidos de Am\u00e9rica en territorio paname\u00f1o.<\/p>\n\n\n\n<p>Pero fue con Jimmy Carter al mando, que las negociaciones avanzaron con voluntad hasta culminar con la firma del Tratado Torrijos-Carter el 7 de Septiembre de 1977, en la sede de la OEA en Washington , cuyo vigencia termin\u00f3 el 31 de diciembre de 1999 tal y como se pact\u00f3.<\/p>\n\n\n\n<p>Con la administracion de Guillermo Endara se realiz\u00f3 un invaluable trabajo de un grupo de paname\u00f1os, incluidos este Presidente, cuyo esfuerzo permiti\u00f3 establecer una normativa clara y objetiva para nuestro Canal. Naci\u00f3 as\u00ed el t\u00edtulo constitucional del Canal en un marco de genuina unidad nacional, al aprobarse en una Asamblea Nacional de un corte pol\u00edtico distinto, durante el gobierno de Ernesto Perez Balladares. As\u00ed, comenzamos la historia de poner los intereses nacionales por encima de cualquier interes pol\u00edtico sobre temas del Canal.<\/p>\n\n\n\n<p>Toda esta historia y muchos otras que no he citado hoy, me dan la tranquilidad de que tenemos un gran futuro si estamos juntos, uniendo m\u00e1s que dividiendo, trabajando cada vez m\u00e1s fuerte. La clave, una vez m\u00e1s, est\u00e1 en la evoluci\u00f3n y no en la involuci\u00f3n.<\/p>\n\n\n\n<p>El desaf\u00edo de hoy es mejorar la administraci\u00f3n del agua, logrando un desarrollo sostenible. El reservorio de R\u00edo Indio es una obra imposible de postergar, porque se trata de un tema de inter\u00e9s nacional el aumentar los recursos h\u00eddricos para nuestro Canal y una soluci\u00f3n al problema que padecen miles de compatriotas a diario: la falta de agua.<\/p>\n\n\n\n<p>Al Administrador del Canal y a su Junta Directiva quiero dejarles en claro que cuentan con el apoyo de este Presidente en las obras y acciones que permitan potenciar, mejorar, modernizar y ampliar el uso de nuestro Canal.<\/p>\n\n\n\n<p>Los paname\u00f1os logramos que el Canal sea nuestro, luego lo ampliamos y lo convertimos en un servicio clave y rentable para nosotros y para el mundo. Esa es prueba fehaciente de que podemos lograr cualquier cosa que nos propongamos. Solo debemos ponernos de acuerdo y poner manos a la obra, sin descansar.<\/p>\n\n\n\n<p>Festejemos estos primeros 25 a\u00f1os y les pido que trabajemos para que este Canal sea cada d\u00eda mejor, pensado a largo plazo y que los recursos que aqu\u00ed se generen potencien la seguridad social y desarrollo nacional.<\/p>\n\n\n\n<p>Mi coraz\u00f3n no me cabe en el pecho por el orgullo que siento de estar en este emblem\u00e1tico edificio de la Administraci\u00f3n del Canal, celebrando esta memorable ocasi\u00f3n. Aqu\u00ed estuve junto a mi esposa y peque\u00f1os hijos ese 31 diciembre de 1999, debajo de aquellos \u00e1rboles, testificando ese gran d\u00eda nacional.<br>Como todos los paname\u00f1os, profeso una enorme gratitud por quienes lucharon y dieron sus vidas, muchos de ellos, por la soberan\u00eda que hoy gozamos. No fue en vano el sacrificio, por eso les rendiremos tributo eterno.<\/p>\n\n\n\n<p>Que viva nuestro Canal, que viva nuestra bandera y que viva Panam\u00e1, hoy y siempre due\u00f1a del Canal y de nuestro futuro soberano.<\/p>\n\n\n\n<p>Muchas gracias.<\/p>\n\n\n\n<figure class=\"wp-block-image size-full\"><a href=\"https:\/\/alminutonoticia.com\/noticias\/wp-content\/uploads\/2025\/01\/pres-770x470-1.jpg\"><img fetchpriority=\"high\" decoding=\"async\" width=\"770\" height=\"470\" src=\"https:\/\/alminutonoticia.com\/noticias\/wp-content\/uploads\/2025\/01\/pres-770x470-1.jpg\" alt=\"\" class=\"wp-image-13396\" title=\"\" srcset=\"https:\/\/alminutonoticia.com\/noticias\/wp-content\/uploads\/2025\/01\/pres-770x470-1.jpg 770w, https:\/\/alminutonoticia.com\/noticias\/wp-content\/uploads\/2025\/01\/pres-770x470-1-300x183.jpg 300w, https:\/\/alminutonoticia.com\/noticias\/wp-content\/uploads\/2025\/01\/pres-770x470-1-768x469.jpg 768w\" sizes=\"(max-width: 770px) 100vw, 770px\" \/><\/a><\/figure>\n","protected":false},"excerpt":{"rendered":"<p>Este 31&nbsp;de diciembre se conmemoran los 25 a\u00f1os de la reversi\u00f3n del Canal de Panam\u00e1 a los paname\u00f1os. Un d\u00eda en el que se realiz\u00f3 un acto protocolar para enaltecer a esos paname\u00f1os que han dejado huellas en esta obra que llena de orgullo a los habitantes de esta tierra llamada Panam\u00e1. El evento cont\u00f3 [&hellip;]<\/p>\n","protected":false},"author":3,"featured_media":13396,"comment_status":"open","ping_status":"open","sticky":false,"template":"","format":"standard","meta":{"footnotes":""},"categories":[36],"tags":[],"class_list":["post-13395","post","type-post","status-publish","format-standard","has-post-thumbnail","hentry","category-nacionales"],"_links":{"self":[{"href":"https:\/\/alminutonoticia.com\/noticias\/wp-json\/wp\/v2\/posts\/13395","targetHints":{"allow":["GET"]}}],"collection":[{"href":"https:\/\/alminutonoticia.com\/noticias\/wp-json\/wp\/v2\/posts"}],"about":[{"href":"https:\/\/alminutonoticia.com\/noticias\/wp-json\/wp\/v2\/types\/post"}],"author":[{"embeddable":true,"href":"https:\/\/alminutonoticia.com\/noticias\/wp-json\/wp\/v2\/users\/3"}],"replies":[{"embeddable":true,"href":"https:\/\/alminutonoticia.com\/noticias\/wp-json\/wp\/v2\/comments?post=13395"}],"version-history":[{"count":1,"href":"https:\/\/alminutonoticia.com\/noticias\/wp-json\/wp\/v2\/posts\/13395\/revisions"}],"predecessor-version":[{"id":13397,"href":"https:\/\/alminutonoticia.com\/noticias\/wp-json\/wp\/v2\/posts\/13395\/revisions\/13397"}],"wp:featuredmedia":[{"embeddable":true,"href":"https:\/\/alminutonoticia.com\/noticias\/wp-json\/wp\/v2\/media\/13396"}],"wp:attachment":[{"href":"https:\/\/alminutonoticia.com\/noticias\/wp-json\/wp\/v2\/media?parent=13395"}],"wp:term":[{"taxonomy":"category","embeddable":true,"href":"https:\/\/alminutonoticia.com\/noticias\/wp-json\/wp\/v2\/categories?post=13395"},{"taxonomy":"post_tag","embeddable":true,"href":"https:\/\/alminutonoticia.com\/noticias\/wp-json\/wp\/v2\/tags?post=13395"}],"curies":[{"name":"wp","href":"https:\/\/api.w.org\/{rel}","templated":true}]}}