{"id":13391,"date":"2025-01-01T12:01:53","date_gmt":"2025-01-01T12:01:53","guid":{"rendered":"https:\/\/alminutonoticia.com\/noticias\/?p=13391"},"modified":"2025-01-01T12:01:56","modified_gmt":"2025-01-01T12:01:56","slug":"cancelada-la-amanecida-de-los-hermarnos-sandoval-en-los-uveros-de-penonome","status":"publish","type":"post","link":"https:\/\/alminutonoticia.com\/noticias\/cancelada-la-amanecida-de-los-hermarnos-sandoval-en-los-uveros-de-penonome\/","title":{"rendered":"Cancelada la \u2018amanecida\u2019 de los hermarnos Sandoval en Los Uveros de Penonom\u00e9"},"content":{"rendered":"\n<p>Se cierra un cap\u00edtulo, pero la fiesta sigue viva. Despu\u00e9s de 30 a\u00f1os de tradici\u00f3n, la ic\u00f3nica \u201camanecida\u201d en Los Uveros realizada por los hermanos Sandoval no ser\u00e1 posible este 1 de enero.<\/p>\n\n\n\n<p>En un comunicado de prensa afirmaron que dicha decisi\u00f3n ha sido extremadamente dif\u00edcil, detallando que la cancelaci\u00f3n se debe a factores ajenos a su voluntad. \u00abEl presidente de la junta local de ninguna forma acept\u00f3 los compromisos que mantenemos con aliados y patrocinadores, desde hace a\u00f1os, acuerdos que nunca fueron obst\u00e1culos durante estos 30 a\u00f1os\u00bb.<\/p>\n\n\n\n<figure class=\"wp-block-image size-full\"><a href=\"https:\/\/alminutonoticia.com\/noticias\/wp-content\/uploads\/2025\/01\/sndr.jpeg\"><img fetchpriority=\"high\" decoding=\"async\" width=\"720\" height=\"924\" src=\"https:\/\/alminutonoticia.com\/noticias\/wp-content\/uploads\/2025\/01\/sndr.jpeg\" alt=\"\" class=\"wp-image-13392\" title=\"\" srcset=\"https:\/\/alminutonoticia.com\/noticias\/wp-content\/uploads\/2025\/01\/sndr.jpeg 720w, https:\/\/alminutonoticia.com\/noticias\/wp-content\/uploads\/2025\/01\/sndr-234x300.jpeg 234w\" sizes=\"(max-width: 720px) 100vw, 720px\" \/><\/a><\/figure>\n\n\n\n<p>Ante lo sucedido, Samy y Sandra Sandoval regalar\u00e1n una despedida gratis. Esta se realizar\u00e1 frente a la calle donde est\u00e1 ubicada la Alcald\u00eda de Penonom\u00e9 desde las 10 p. m. el 1 de enero. Esperamos la versi\u00f3n del presidente de la Junta local.<\/p>\n\n\n\n<figure class=\"wp-block-image size-full\"><a href=\"https:\/\/alminutonoticia.com\/noticias\/wp-content\/uploads\/2025\/01\/smi-770x470-1.jpg\"><img decoding=\"async\" width=\"770\" height=\"470\" src=\"https:\/\/alminutonoticia.com\/noticias\/wp-content\/uploads\/2025\/01\/smi-770x470-1.jpg\" alt=\"\" class=\"wp-image-13393\" title=\"\" srcset=\"https:\/\/alminutonoticia.com\/noticias\/wp-content\/uploads\/2025\/01\/smi-770x470-1.jpg 770w, https:\/\/alminutonoticia.com\/noticias\/wp-content\/uploads\/2025\/01\/smi-770x470-1-300x183.jpg 300w, https:\/\/alminutonoticia.com\/noticias\/wp-content\/uploads\/2025\/01\/smi-770x470-1-768x469.jpg 768w\" sizes=\"(max-width: 770px) 100vw, 770px\" \/><\/a><\/figure>\n","protected":false},"excerpt":{"rendered":"<p>Se cierra un cap\u00edtulo, pero la fiesta sigue viva. Despu\u00e9s de 30 a\u00f1os de tradici\u00f3n, la ic\u00f3nica \u201camanecida\u201d en Los Uveros realizada por los hermanos Sandoval no ser\u00e1 posible este 1 de enero. En un comunicado de prensa afirmaron que dicha decisi\u00f3n ha sido extremadamente dif\u00edcil, detallando que la cancelaci\u00f3n se debe a factores ajenos [&hellip;]<\/p>\n","protected":false},"author":3,"featured_media":13393,"comment_status":"open","ping_status":"open","sticky":false,"template":"","format":"standard","meta":{"footnotes":""},"categories":[41],"tags":[],"class_list":["post-13391","post","type-post","status-publish","format-standard","has-post-thumbnail","hentry","category-cultura-y-farandula"],"_links":{"self":[{"href":"https:\/\/alminutonoticia.com\/noticias\/wp-json\/wp\/v2\/posts\/13391","targetHints":{"allow":["GET"]}}],"collection":[{"href":"https:\/\/alminutonoticia.com\/noticias\/wp-json\/wp\/v2\/posts"}],"about":[{"href":"https:\/\/alminutonoticia.com\/noticias\/wp-json\/wp\/v2\/types\/post"}],"author":[{"embeddable":true,"href":"https:\/\/alminutonoticia.com\/noticias\/wp-json\/wp\/v2\/users\/3"}],"replies":[{"embeddable":true,"href":"https:\/\/alminutonoticia.com\/noticias\/wp-json\/wp\/v2\/comments?post=13391"}],"version-history":[{"count":1,"href":"https:\/\/alminutonoticia.com\/noticias\/wp-json\/wp\/v2\/posts\/13391\/revisions"}],"predecessor-version":[{"id":13394,"href":"https:\/\/alminutonoticia.com\/noticias\/wp-json\/wp\/v2\/posts\/13391\/revisions\/13394"}],"wp:featuredmedia":[{"embeddable":true,"href":"https:\/\/alminutonoticia.com\/noticias\/wp-json\/wp\/v2\/media\/13393"}],"wp:attachment":[{"href":"https:\/\/alminutonoticia.com\/noticias\/wp-json\/wp\/v2\/media?parent=13391"}],"wp:term":[{"taxonomy":"category","embeddable":true,"href":"https:\/\/alminutonoticia.com\/noticias\/wp-json\/wp\/v2\/categories?post=13391"},{"taxonomy":"post_tag","embeddable":true,"href":"https:\/\/alminutonoticia.com\/noticias\/wp-json\/wp\/v2\/tags?post=13391"}],"curies":[{"name":"wp","href":"https:\/\/api.w.org\/{rel}","templated":true}]}}