{"id":13360,"date":"2024-12-30T03:24:15","date_gmt":"2024-12-30T03:24:15","guid":{"rendered":"https:\/\/alminutonoticia.com\/noticias\/?p=13360"},"modified":"2024-12-30T03:24:17","modified_gmt":"2024-12-30T03:24:17","slug":"presentan-plan-piloto-para-incluir-el-hurto-pecuario-en-la-cobertura-del-isa","status":"publish","type":"post","link":"https:\/\/alminutonoticia.com\/noticias\/presentan-plan-piloto-para-incluir-el-hurto-pecuario-en-la-cobertura-del-isa\/","title":{"rendered":"Presentan plan piloto para incluir el hurto pecuario en la cobertura del ISA."},"content":{"rendered":"\n<p>Se present\u00f3 un plan piloto que busca incorporar el hurto pecuario dentro de la cobertura del Seguro Pecuario ofrecido por el Instituto de Seguro Agropecuario (ISA) durante una reuni\u00f3n con diversas instituciones.<\/p>\n\n\n\n<p>Ariel Espino, Gerente General del ISA, destac\u00f3 que al asumir su cargo, una de las inquietudes planteadas por los productores fue la falta de inclusi\u00f3n del hurto en las p\u00f3lizas de aseguramiento pecuario.<\/p>\n\n\n\n<p>El ingeniero Espino mencion\u00f3 que la implementaci\u00f3n de un seguro para el hurto pecuario requiere cumplir con una serie de requisitos. Por ello, se han realizado gestiones para recopilar informaci\u00f3n y analizar las experiencias de pa\u00edses como Chile y Costa Rica.<\/p>\n\n\n\n<div class=\"wp-block-columns is-layout-flex wp-container-core-columns-is-layout-28f84493 wp-block-columns-is-layout-flex\">\n<div class=\"wp-block-column is-layout-flow wp-block-column-is-layout-flow\">\n<figure class=\"wp-block-image size-large\"><a href=\"https:\/\/alminutonoticia.com\/noticias\/wp-content\/uploads\/2024\/12\/WhatsApp-Image-2024-12-19-at-3.02.19-PM.jpeg\"><img fetchpriority=\"high\" decoding=\"async\" width=\"1024\" height=\"682\" src=\"https:\/\/alminutonoticia.com\/noticias\/wp-content\/uploads\/2024\/12\/WhatsApp-Image-2024-12-19-at-3.02.19-PM-1024x682.jpeg\" alt=\"\" class=\"wp-image-13363\" title=\"\" srcset=\"https:\/\/alminutonoticia.com\/noticias\/wp-content\/uploads\/2024\/12\/WhatsApp-Image-2024-12-19-at-3.02.19-PM-1024x682.jpeg 1024w, https:\/\/alminutonoticia.com\/noticias\/wp-content\/uploads\/2024\/12\/WhatsApp-Image-2024-12-19-at-3.02.19-PM-300x200.jpeg 300w, https:\/\/alminutonoticia.com\/noticias\/wp-content\/uploads\/2024\/12\/WhatsApp-Image-2024-12-19-at-3.02.19-PM-768x512.jpeg 768w, https:\/\/alminutonoticia.com\/noticias\/wp-content\/uploads\/2024\/12\/WhatsApp-Image-2024-12-19-at-3.02.19-PM.jpeg 1280w\" sizes=\"(max-width: 1024px) 100vw, 1024px\" \/><\/a><\/figure>\n<\/div>\n\n\n\n<div class=\"wp-block-column is-layout-flow wp-block-column-is-layout-flow\">\n<figure class=\"wp-block-image size-large\"><a href=\"https:\/\/alminutonoticia.com\/noticias\/wp-content\/uploads\/2024\/12\/WhatsApp-Image-2024-12-19-at-3.02.18-PM.jpeg\"><img decoding=\"async\" width=\"1024\" height=\"682\" src=\"https:\/\/alminutonoticia.com\/noticias\/wp-content\/uploads\/2024\/12\/WhatsApp-Image-2024-12-19-at-3.02.18-PM-1024x682.jpeg\" alt=\"\" class=\"wp-image-13364\" title=\"\" srcset=\"https:\/\/alminutonoticia.com\/noticias\/wp-content\/uploads\/2024\/12\/WhatsApp-Image-2024-12-19-at-3.02.18-PM-1024x682.jpeg 1024w, https:\/\/alminutonoticia.com\/noticias\/wp-content\/uploads\/2024\/12\/WhatsApp-Image-2024-12-19-at-3.02.18-PM-300x200.jpeg 300w, https:\/\/alminutonoticia.com\/noticias\/wp-content\/uploads\/2024\/12\/WhatsApp-Image-2024-12-19-at-3.02.18-PM-768x512.jpeg 768w, https:\/\/alminutonoticia.com\/noticias\/wp-content\/uploads\/2024\/12\/WhatsApp-Image-2024-12-19-at-3.02.18-PM.jpeg 1280w\" sizes=\"(max-width: 1024px) 100vw, 1024px\" \/><\/a><\/figure>\n<\/div>\n<\/div>\n\n\n\n<p>El plan piloto se llevar\u00e1 a cabo en las provincias de Dari\u00e9n y Panam\u00e1 Este, donde se dispone de la infraestructura necesaria para su ejecuci\u00f3n. La iniciativa contempla el uso de un chip que se inserta en el animal, permitiendo su monitoreo a trav\u00e9s de un sistema instalado en ubicaciones estrat\u00e9gicas.<\/p>\n\n\n\n<p>El Ministro Roberto Linares valor\u00f3 positivamente esta propuesta, afirmando: \u201cEstamos muy satisfechos de esta reuni\u00f3n y de acuerdo con el ISA, tenemos que meterle duro al tema de la trazabilidad de los animales para hacerle frente al hurto pecuario\u201d.<\/p>\n\n\n\n<p>Cabe destacar que el hurto pecuario utiliza diversas modalidades delictivas, como la comercializaci\u00f3n de animales en subastas, su venta a terceros que los trasladan a otras provincias, el sacrificio en mataderos y el descuartizamiento para su venta.<\/p>\n\n\n\n<p>A esta presentaci\u00f3n asistieron representantes de varias instituciones, incluyendo el Ministerio de Desarrollo Agropecuario (MIDA), el Banco de Desarrollo Agropecuario (BDA), el Ministerio de Salud (MINSA), la Procuradur\u00eda General de la Naci\u00f3n (PGN), el Banco Nacional de Panam\u00e1, la Superintendencia de Seguros de Panam\u00e1, entre otras.<\/p>\n\n\n\n<figure class=\"wp-block-image size-large\"><a href=\"https:\/\/alminutonoticia.com\/noticias\/wp-content\/uploads\/2024\/12\/WhatsApp-Image-2024-12-19-at-3.02.19-PM-1.jpeg\"><img decoding=\"async\" width=\"1024\" height=\"682\" src=\"https:\/\/alminutonoticia.com\/noticias\/wp-content\/uploads\/2024\/12\/WhatsApp-Image-2024-12-19-at-3.02.19-PM-1-1024x682.jpeg\" alt=\"\" class=\"wp-image-13362\" title=\"\" srcset=\"https:\/\/alminutonoticia.com\/noticias\/wp-content\/uploads\/2024\/12\/WhatsApp-Image-2024-12-19-at-3.02.19-PM-1-1024x682.jpeg 1024w, https:\/\/alminutonoticia.com\/noticias\/wp-content\/uploads\/2024\/12\/WhatsApp-Image-2024-12-19-at-3.02.19-PM-1-300x200.jpeg 300w, https:\/\/alminutonoticia.com\/noticias\/wp-content\/uploads\/2024\/12\/WhatsApp-Image-2024-12-19-at-3.02.19-PM-1-768x512.jpeg 768w, https:\/\/alminutonoticia.com\/noticias\/wp-content\/uploads\/2024\/12\/WhatsApp-Image-2024-12-19-at-3.02.19-PM-1.jpeg 1280w\" sizes=\"(max-width: 1024px) 100vw, 1024px\" \/><\/a><\/figure>\n","protected":false},"excerpt":{"rendered":"<p>Se present\u00f3 un plan piloto que busca incorporar el hurto pecuario dentro de la cobertura del Seguro Pecuario ofrecido por el Instituto de Seguro Agropecuario (ISA) durante una reuni\u00f3n con diversas instituciones. Ariel Espino, Gerente General del ISA, destac\u00f3 que al asumir su cargo, una de las inquietudes planteadas por los productores fue la falta [&hellip;]<\/p>\n","protected":false},"author":3,"featured_media":13362,"comment_status":"open","ping_status":"open","sticky":false,"template":"","format":"standard","meta":{"footnotes":""},"categories":[36],"tags":[],"class_list":["post-13360","post","type-post","status-publish","format-standard","has-post-thumbnail","hentry","category-nacionales"],"_links":{"self":[{"href":"https:\/\/alminutonoticia.com\/noticias\/wp-json\/wp\/v2\/posts\/13360","targetHints":{"allow":["GET"]}}],"collection":[{"href":"https:\/\/alminutonoticia.com\/noticias\/wp-json\/wp\/v2\/posts"}],"about":[{"href":"https:\/\/alminutonoticia.com\/noticias\/wp-json\/wp\/v2\/types\/post"}],"author":[{"embeddable":true,"href":"https:\/\/alminutonoticia.com\/noticias\/wp-json\/wp\/v2\/users\/3"}],"replies":[{"embeddable":true,"href":"https:\/\/alminutonoticia.com\/noticias\/wp-json\/wp\/v2\/comments?post=13360"}],"version-history":[{"count":1,"href":"https:\/\/alminutonoticia.com\/noticias\/wp-json\/wp\/v2\/posts\/13360\/revisions"}],"predecessor-version":[{"id":13365,"href":"https:\/\/alminutonoticia.com\/noticias\/wp-json\/wp\/v2\/posts\/13360\/revisions\/13365"}],"wp:featuredmedia":[{"embeddable":true,"href":"https:\/\/alminutonoticia.com\/noticias\/wp-json\/wp\/v2\/media\/13362"}],"wp:attachment":[{"href":"https:\/\/alminutonoticia.com\/noticias\/wp-json\/wp\/v2\/media?parent=13360"}],"wp:term":[{"taxonomy":"category","embeddable":true,"href":"https:\/\/alminutonoticia.com\/noticias\/wp-json\/wp\/v2\/categories?post=13360"},{"taxonomy":"post_tag","embeddable":true,"href":"https:\/\/alminutonoticia.com\/noticias\/wp-json\/wp\/v2\/tags?post=13360"}],"curies":[{"name":"wp","href":"https:\/\/api.w.org\/{rel}","templated":true}]}}