{"id":13357,"date":"2024-12-30T03:20:39","date_gmt":"2024-12-30T03:20:39","guid":{"rendered":"https:\/\/alminutonoticia.com\/noticias\/?p=13357"},"modified":"2024-12-30T03:20:41","modified_gmt":"2024-12-30T03:20:41","slug":"uaf-capacita-a-8775-enlaces-de-diversos-sectores-economicos","status":"publish","type":"post","link":"https:\/\/alminutonoticia.com\/noticias\/uaf-capacita-a-8775-enlaces-de-diversos-sectores-economicos\/","title":{"rendered":"UAF Capacita a 8,775 enlaces de diversos sectores econ\u00f3micos"},"content":{"rendered":"\n<p>Como parte del plan de acci\u00f3n la Unidad de An\u00e1lisis Financiero, a trav\u00e9s de su Academia UAF, realiz\u00f3 66 jornadas de capacitaci\u00f3n durante el a\u00f1o 2024, en la que participaron 8,775 enlaces de diversos sectores econ\u00f3micos, con el objetivo de fortalecer el cumplimiento de la normativa relacionada con la prevenci\u00f3n del Blanqueo de Capitales, el Financiamiento del Terrorismo y el Financiamiento de la Proliferaci\u00f3n de Armas de Destrucci\u00f3n Masiva (BC\/FT\/FPADM).<\/p>\n\n\n\n<p>De las 66 jornadas realizadas, 49 fueron virtuales, capacitando a 7,328 personas, mientras que 12 jornadas fueron presenciales, con la participaci\u00f3n de 847 personas.<\/p>\n\n\n\n<p>En cuanto a la distribuci\u00f3n por sectores, 32 jornadas fueron dirigidas a sectores no financieros, capacitando a 4,307 personas, y 25 jornadas estuvieron orientadas a sectores financieros, con un total de 3,559 participantes.<\/p>\n\n\n\n<p>Adicionalmente, la Academia UAF llevo a cabo otras jornadas de capacitaci\u00f3n dirigidas a instituciones con las cuales trabajamos en conjunto que fortalecer sus conocimientos sobre el blanqueo de capitales y el financiamiento del terrorismo.<\/p>\n\n\n\n<p>Con estas acciones, la UAF reafirma su compromiso con la formaci\u00f3n continua de los Sujetos Obligados y la comunidad en general, en su misi\u00f3n de prevenir y combatir el blanqueo de capitales, el financiamiento del terrorismo y otras actividades il\u00edcitas que puedan afectar la estabilidad y seguridad del pa\u00eds, as\u00ed lo dio a conocer Dario Herrera Ru\u00edz, Director de la entidad.<\/p>\n\n\n\n<p>Esta iniciativa refleja el esfuerzo constante del gobierno, por fortalecer las capacidades de todos los actores involucrados en la protecci\u00f3n del sistema financiero nacional y garantizar la seguridad econ\u00f3mica del pa\u00eds.<\/p>\n\n\n\n<figure class=\"wp-block-image size-full\"><a href=\"https:\/\/alminutonoticia.com\/noticias\/wp-content\/uploads\/2024\/12\/WhatsApp-Image-2024-12-18-at-3.48.02-PM.jpeg\"><img fetchpriority=\"high\" decoding=\"async\" width=\"813\" height=\"576\" src=\"https:\/\/alminutonoticia.com\/noticias\/wp-content\/uploads\/2024\/12\/WhatsApp-Image-2024-12-18-at-3.48.02-PM.jpeg\" alt=\"\" class=\"wp-image-13358\" title=\"\" srcset=\"https:\/\/alminutonoticia.com\/noticias\/wp-content\/uploads\/2024\/12\/WhatsApp-Image-2024-12-18-at-3.48.02-PM.jpeg 813w, https:\/\/alminutonoticia.com\/noticias\/wp-content\/uploads\/2024\/12\/WhatsApp-Image-2024-12-18-at-3.48.02-PM-300x213.jpeg 300w, https:\/\/alminutonoticia.com\/noticias\/wp-content\/uploads\/2024\/12\/WhatsApp-Image-2024-12-18-at-3.48.02-PM-768x544.jpeg 768w\" sizes=\"(max-width: 813px) 100vw, 813px\" \/><\/a><\/figure>\n","protected":false},"excerpt":{"rendered":"<p>Como parte del plan de acci\u00f3n la Unidad de An\u00e1lisis Financiero, a trav\u00e9s de su Academia UAF, realiz\u00f3 66 jornadas de capacitaci\u00f3n durante el a\u00f1o 2024, en la que participaron 8,775 enlaces de diversos sectores econ\u00f3micos, con el objetivo de fortalecer el cumplimiento de la normativa relacionada con la prevenci\u00f3n del Blanqueo de Capitales, el [&hellip;]<\/p>\n","protected":false},"author":3,"featured_media":13358,"comment_status":"open","ping_status":"open","sticky":false,"template":"","format":"standard","meta":{"footnotes":""},"categories":[36],"tags":[],"class_list":["post-13357","post","type-post","status-publish","format-standard","has-post-thumbnail","hentry","category-nacionales"],"_links":{"self":[{"href":"https:\/\/alminutonoticia.com\/noticias\/wp-json\/wp\/v2\/posts\/13357","targetHints":{"allow":["GET"]}}],"collection":[{"href":"https:\/\/alminutonoticia.com\/noticias\/wp-json\/wp\/v2\/posts"}],"about":[{"href":"https:\/\/alminutonoticia.com\/noticias\/wp-json\/wp\/v2\/types\/post"}],"author":[{"embeddable":true,"href":"https:\/\/alminutonoticia.com\/noticias\/wp-json\/wp\/v2\/users\/3"}],"replies":[{"embeddable":true,"href":"https:\/\/alminutonoticia.com\/noticias\/wp-json\/wp\/v2\/comments?post=13357"}],"version-history":[{"count":1,"href":"https:\/\/alminutonoticia.com\/noticias\/wp-json\/wp\/v2\/posts\/13357\/revisions"}],"predecessor-version":[{"id":13359,"href":"https:\/\/alminutonoticia.com\/noticias\/wp-json\/wp\/v2\/posts\/13357\/revisions\/13359"}],"wp:featuredmedia":[{"embeddable":true,"href":"https:\/\/alminutonoticia.com\/noticias\/wp-json\/wp\/v2\/media\/13358"}],"wp:attachment":[{"href":"https:\/\/alminutonoticia.com\/noticias\/wp-json\/wp\/v2\/media?parent=13357"}],"wp:term":[{"taxonomy":"category","embeddable":true,"href":"https:\/\/alminutonoticia.com\/noticias\/wp-json\/wp\/v2\/categories?post=13357"},{"taxonomy":"post_tag","embeddable":true,"href":"https:\/\/alminutonoticia.com\/noticias\/wp-json\/wp\/v2\/tags?post=13357"}],"curies":[{"name":"wp","href":"https:\/\/api.w.org\/{rel}","templated":true}]}}