{"id":13353,"date":"2024-12-30T03:18:23","date_gmt":"2024-12-30T03:18:23","guid":{"rendered":"https:\/\/alminutonoticia.com\/noticias\/?p=13353"},"modified":"2024-12-30T03:18:25","modified_gmt":"2024-12-30T03:18:25","slug":"celebracion-de-los-20-anos-de-escala-danza-musica-y-algo-mas-en-veraguas-gala-vivaldi-en-el-jardin-encantado-dirigida-y-producida-por-elvira-contreras-de-alfaro","status":"publish","type":"post","link":"https:\/\/alminutonoticia.com\/noticias\/celebracion-de-los-20-anos-de-escala-danza-musica-y-algo-mas-en-veraguas-gala-vivaldi-en-el-jardin-encantado-dirigida-y-producida-por-elvira-contreras-de-alfaro\/","title":{"rendered":"Celebraci\u00f3n de los 20 A\u00f1os de ESCALA, Danza, M\u00fasica y algo m\u00e1s en Veraguas Gala \u00abVivaldi en el Jard\u00edn Encantado\u00bb dirigida y producida por Elvira Contreras de Alfaro."},"content":{"rendered":"\n<p>La Academia de Danza, M\u00fasica y Algo m\u00e1s Escala celebr\u00f3 con gran \u00e9xito su 20 aniversario en un evento inolvidable titulado \u00abVivaldi en el Jard\u00edn Encantado\u00bb. La gala, que tuvo lugar en el auditorio del Colegio San Vicente de Paul, reuni\u00f3 a m\u00e1s de 500 personas que disfrutaron de una noche m\u00e1gica llena de danza, m\u00fasica y emoci\u00f3n.<\/p>\n\n\n\n<p>En el emotivo evento, se realiz\u00f3 una distinci\u00f3n especial a Gabriela Elena Bonilla Castro, mienbro fundador de la academia, quien con su porte y elegancia deslumbr\u00f3 a todos los asistentes. Su dedicaci\u00f3n y esfuerzo a lo largo de los a\u00f1os se hicieron evidentes al mostrar todo lo aprendido, inspirando a cada uno de los presentes. Su pasi\u00f3n por la danza y su compromiso con la excelencia han dejado una huella imborrable, convirti\u00e9ndola en un verdadero ejemplo a seguir.<\/p>\n\n\n\n<figure class=\"wp-block-image size-large\"><a href=\"https:\/\/alminutonoticia.com\/noticias\/wp-content\/uploads\/2024\/12\/WhatsApp-Image-2024-12-20-at-7.49.59-PM.jpeg\"><img fetchpriority=\"high\" decoding=\"async\" width=\"1024\" height=\"683\" src=\"https:\/\/alminutonoticia.com\/noticias\/wp-content\/uploads\/2024\/12\/WhatsApp-Image-2024-12-20-at-7.49.59-PM-1024x683.jpeg\" alt=\"\" class=\"wp-image-13355\" title=\"\" srcset=\"https:\/\/alminutonoticia.com\/noticias\/wp-content\/uploads\/2024\/12\/WhatsApp-Image-2024-12-20-at-7.49.59-PM-1024x683.jpeg 1024w, https:\/\/alminutonoticia.com\/noticias\/wp-content\/uploads\/2024\/12\/WhatsApp-Image-2024-12-20-at-7.49.59-PM-300x200.jpeg 300w, https:\/\/alminutonoticia.com\/noticias\/wp-content\/uploads\/2024\/12\/WhatsApp-Image-2024-12-20-at-7.49.59-PM-768x512.jpeg 768w, https:\/\/alminutonoticia.com\/noticias\/wp-content\/uploads\/2024\/12\/WhatsApp-Image-2024-12-20-at-7.49.59-PM.jpeg 1500w\" sizes=\"(max-width: 1024px) 100vw, 1024px\" \/><\/a><\/figure>\n\n\n\n<p>La gala \u00abVivaldi en el Jard\u00edn Encantado\u00bb no solo celebr\u00f3 el legado de la academia, sino que tambi\u00e9n brind\u00f3 una plataforma para que los talentosos estudiantes de Escala en Veraguas exhibieran su arte, interpretando las obras maestras de Vivaldi con gracia y creatividad. La combinaci\u00f3n de danza y m\u00fasica cre\u00f3 una atm\u00f3sfera encantadora que transport\u00f3 al p\u00fablico a un mundo de belleza y emoci\u00f3n.<\/p>\n\n\n\n<p>La Academia de Danza, M\u00fasica y Algo m\u00e1s Escala, se enorgullece de haber contribuido a la formaci\u00f3n integral de muchos j\u00f3venes talentosos de la provincia de Veraguas a lo largo de estas dos d\u00e9cadas y contin\u00faa comprometida con la ense\u00f1anza y promoci\u00f3n del arte en la regi\u00f3n. Este evento marc\u00f3 un hito en su historia y dej\u00f3 una huella imborrable en el coraz\u00f3n de todos los presentes.<\/p>\n\n\n\n<figure class=\"wp-block-image size-large\"><a href=\"https:\/\/alminutonoticia.com\/noticias\/wp-content\/uploads\/2024\/12\/WhatsApp-Image-2024-12-20-at-7.49.59-PM-1.jpeg\"><img decoding=\"async\" width=\"1024\" height=\"683\" src=\"https:\/\/alminutonoticia.com\/noticias\/wp-content\/uploads\/2024\/12\/WhatsApp-Image-2024-12-20-at-7.49.59-PM-1-1024x683.jpeg\" alt=\"\" class=\"wp-image-13354\" title=\"\" srcset=\"https:\/\/alminutonoticia.com\/noticias\/wp-content\/uploads\/2024\/12\/WhatsApp-Image-2024-12-20-at-7.49.59-PM-1-1024x683.jpeg 1024w, https:\/\/alminutonoticia.com\/noticias\/wp-content\/uploads\/2024\/12\/WhatsApp-Image-2024-12-20-at-7.49.59-PM-1-300x200.jpeg 300w, https:\/\/alminutonoticia.com\/noticias\/wp-content\/uploads\/2024\/12\/WhatsApp-Image-2024-12-20-at-7.49.59-PM-1-768x512.jpeg 768w, https:\/\/alminutonoticia.com\/noticias\/wp-content\/uploads\/2024\/12\/WhatsApp-Image-2024-12-20-at-7.49.59-PM-1.jpeg 1500w\" sizes=\"(max-width: 1024px) 100vw, 1024px\" \/><\/a><\/figure>\n","protected":false},"excerpt":{"rendered":"<p>La Academia de Danza, M\u00fasica y Algo m\u00e1s Escala celebr\u00f3 con gran \u00e9xito su 20 aniversario en un evento inolvidable titulado \u00abVivaldi en el Jard\u00edn Encantado\u00bb. La gala, que tuvo lugar en el auditorio del Colegio San Vicente de Paul, reuni\u00f3 a m\u00e1s de 500 personas que disfrutaron de una noche m\u00e1gica llena de danza, [&hellip;]<\/p>\n","protected":false},"author":3,"featured_media":13355,"comment_status":"open","ping_status":"open","sticky":false,"template":"","format":"standard","meta":{"footnotes":""},"categories":[41],"tags":[],"class_list":["post-13353","post","type-post","status-publish","format-standard","has-post-thumbnail","hentry","category-cultura-y-farandula"],"_links":{"self":[{"href":"https:\/\/alminutonoticia.com\/noticias\/wp-json\/wp\/v2\/posts\/13353","targetHints":{"allow":["GET"]}}],"collection":[{"href":"https:\/\/alminutonoticia.com\/noticias\/wp-json\/wp\/v2\/posts"}],"about":[{"href":"https:\/\/alminutonoticia.com\/noticias\/wp-json\/wp\/v2\/types\/post"}],"author":[{"embeddable":true,"href":"https:\/\/alminutonoticia.com\/noticias\/wp-json\/wp\/v2\/users\/3"}],"replies":[{"embeddable":true,"href":"https:\/\/alminutonoticia.com\/noticias\/wp-json\/wp\/v2\/comments?post=13353"}],"version-history":[{"count":1,"href":"https:\/\/alminutonoticia.com\/noticias\/wp-json\/wp\/v2\/posts\/13353\/revisions"}],"predecessor-version":[{"id":13356,"href":"https:\/\/alminutonoticia.com\/noticias\/wp-json\/wp\/v2\/posts\/13353\/revisions\/13356"}],"wp:featuredmedia":[{"embeddable":true,"href":"https:\/\/alminutonoticia.com\/noticias\/wp-json\/wp\/v2\/media\/13355"}],"wp:attachment":[{"href":"https:\/\/alminutonoticia.com\/noticias\/wp-json\/wp\/v2\/media?parent=13353"}],"wp:term":[{"taxonomy":"category","embeddable":true,"href":"https:\/\/alminutonoticia.com\/noticias\/wp-json\/wp\/v2\/categories?post=13353"},{"taxonomy":"post_tag","embeddable":true,"href":"https:\/\/alminutonoticia.com\/noticias\/wp-json\/wp\/v2\/tags?post=13353"}],"curies":[{"name":"wp","href":"https:\/\/api.w.org\/{rel}","templated":true}]}}