{"id":13342,"date":"2024-12-13T02:33:46","date_gmt":"2024-12-13T02:33:46","guid":{"rendered":"https:\/\/alminutonoticia.com\/noticias\/?p=13342"},"modified":"2024-12-13T02:33:48","modified_gmt":"2024-12-13T02:33:48","slug":"mop-implementara-operativo-de-limpieza-y-mantenimiento-de-cauces-en-verano","status":"publish","type":"post","link":"https:\/\/alminutonoticia.com\/noticias\/mop-implementara-operativo-de-limpieza-y-mantenimiento-de-cauces-en-verano\/","title":{"rendered":"MOP implementar\u00e1 operativo de limpieza y mantenimiento de cauces en verano"},"content":{"rendered":"\n<p>Como medida preventiva para mitigar las inundaciones y los da\u00f1os causados por las lluvias, el equipo de agrimensura del Ministerio de Obras P\u00fablicas (MOP) en Los Santos est\u00e1 realizando una evaluaci\u00f3n de las \u00e1reas vulnerables de la provincia, las cuales ser\u00e1n incluidas en un plan de limpieza y dragado que la instituci\u00f3n implementar\u00e1 en verano.<\/p>\n\n\n\n<p>El personal t\u00e9cnico especializado trabaja en la evaluaci\u00f3n de las condiciones de quebradas, cauces y r\u00edos para determinar cu\u00e1les ser\u00e1n parte de este operativo de mantenimiento.<\/p>\n\n\n\n<figure class=\"wp-block-image size-large\"><a href=\"https:\/\/alminutonoticia.com\/noticias\/wp-content\/uploads\/2024\/12\/3-24-scaled.jpg\"><img fetchpriority=\"high\" decoding=\"async\" width=\"1024\" height=\"576\" src=\"https:\/\/alminutonoticia.com\/noticias\/wp-content\/uploads\/2024\/12\/3-24-1024x576.jpg\" alt=\"\" class=\"wp-image-13343\" title=\"\" srcset=\"https:\/\/alminutonoticia.com\/noticias\/wp-content\/uploads\/2024\/12\/3-24-1024x576.jpg 1024w, https:\/\/alminutonoticia.com\/noticias\/wp-content\/uploads\/2024\/12\/3-24-300x169.jpg 300w, https:\/\/alminutonoticia.com\/noticias\/wp-content\/uploads\/2024\/12\/3-24-768x432.jpg 768w, https:\/\/alminutonoticia.com\/noticias\/wp-content\/uploads\/2024\/12\/3-24-1536x864.jpg 1536w, https:\/\/alminutonoticia.com\/noticias\/wp-content\/uploads\/2024\/12\/3-24-2048x1152.jpg 2048w\" sizes=\"(max-width: 1024px) 100vw, 1024px\" \/><\/a><\/figure>\n\n\n\n<p>El divisionario del MOP en la regi\u00f3n, Iv\u00e1n Eduardo Espino,&nbsp;inform\u00f3 que se trata de una estrategia preventiva que se ejecutar\u00e1 durante la temporada seca mediante un operativo de limpieza y dragado, con el objetivo de brindar un mantenimiento adecuado a estos cauces.<\/p>\n\n\n\n<p>A\u00f1adi\u00f3 que, para el levantamiento de esta informaci\u00f3n, el personal est\u00e1 realizando las evaluaciones correspondientes, comenzando por las \u00e1reas m\u00e1s sensibles.<\/p>\n\n\n\n<p>Ya se han visitado los puntos vulnerables en los distritos de Tonos\u00ed, Las Tablas, Guarar\u00e9 y La Villa, que este a\u00f1o fueron afectados por la dif\u00edcil situaci\u00f3n clim\u00e1tica que vivi\u00f3 el pa\u00eds.<\/p>\n\n\n\n<figure class=\"wp-block-image size-large\"><a href=\"https:\/\/alminutonoticia.com\/noticias\/wp-content\/uploads\/2024\/12\/1-36-scaled.jpg\"><img decoding=\"async\" width=\"1024\" height=\"576\" src=\"https:\/\/alminutonoticia.com\/noticias\/wp-content\/uploads\/2024\/12\/1-36-1024x576.jpg\" alt=\"\" class=\"wp-image-13344\" title=\"\" srcset=\"https:\/\/alminutonoticia.com\/noticias\/wp-content\/uploads\/2024\/12\/1-36-1024x576.jpg 1024w, https:\/\/alminutonoticia.com\/noticias\/wp-content\/uploads\/2024\/12\/1-36-300x169.jpg 300w, https:\/\/alminutonoticia.com\/noticias\/wp-content\/uploads\/2024\/12\/1-36-768x432.jpg 768w, https:\/\/alminutonoticia.com\/noticias\/wp-content\/uploads\/2024\/12\/1-36-1536x864.jpg 1536w, https:\/\/alminutonoticia.com\/noticias\/wp-content\/uploads\/2024\/12\/1-36-2048x1152.jpg 2048w\" sizes=\"(max-width: 1024px) 100vw, 1024px\" \/><\/a><\/figure>\n","protected":false},"excerpt":{"rendered":"<p>Como medida preventiva para mitigar las inundaciones y los da\u00f1os causados por las lluvias, el equipo de agrimensura del Ministerio de Obras P\u00fablicas (MOP) en Los Santos est\u00e1 realizando una evaluaci\u00f3n de las \u00e1reas vulnerables de la provincia, las cuales ser\u00e1n incluidas en un plan de limpieza y dragado que la instituci\u00f3n implementar\u00e1 en verano. [&hellip;]<\/p>\n","protected":false},"author":3,"featured_media":13344,"comment_status":"open","ping_status":"open","sticky":false,"template":"","format":"standard","meta":{"footnotes":""},"categories":[36],"tags":[],"class_list":["post-13342","post","type-post","status-publish","format-standard","has-post-thumbnail","hentry","category-nacionales"],"_links":{"self":[{"href":"https:\/\/alminutonoticia.com\/noticias\/wp-json\/wp\/v2\/posts\/13342","targetHints":{"allow":["GET"]}}],"collection":[{"href":"https:\/\/alminutonoticia.com\/noticias\/wp-json\/wp\/v2\/posts"}],"about":[{"href":"https:\/\/alminutonoticia.com\/noticias\/wp-json\/wp\/v2\/types\/post"}],"author":[{"embeddable":true,"href":"https:\/\/alminutonoticia.com\/noticias\/wp-json\/wp\/v2\/users\/3"}],"replies":[{"embeddable":true,"href":"https:\/\/alminutonoticia.com\/noticias\/wp-json\/wp\/v2\/comments?post=13342"}],"version-history":[{"count":1,"href":"https:\/\/alminutonoticia.com\/noticias\/wp-json\/wp\/v2\/posts\/13342\/revisions"}],"predecessor-version":[{"id":13345,"href":"https:\/\/alminutonoticia.com\/noticias\/wp-json\/wp\/v2\/posts\/13342\/revisions\/13345"}],"wp:featuredmedia":[{"embeddable":true,"href":"https:\/\/alminutonoticia.com\/noticias\/wp-json\/wp\/v2\/media\/13344"}],"wp:attachment":[{"href":"https:\/\/alminutonoticia.com\/noticias\/wp-json\/wp\/v2\/media?parent=13342"}],"wp:term":[{"taxonomy":"category","embeddable":true,"href":"https:\/\/alminutonoticia.com\/noticias\/wp-json\/wp\/v2\/categories?post=13342"},{"taxonomy":"post_tag","embeddable":true,"href":"https:\/\/alminutonoticia.com\/noticias\/wp-json\/wp\/v2\/tags?post=13342"}],"curies":[{"name":"wp","href":"https:\/\/api.w.org\/{rel}","templated":true}]}}