{"id":1334,"date":"2023-02-25T13:16:19","date_gmt":"2023-02-25T13:16:19","guid":{"rendered":"https:\/\/alminutonoticia.com\/noticias\/?p=1334"},"modified":"2023-02-25T13:16:20","modified_gmt":"2023-02-25T13:16:20","slug":"la-historiadora-panamena-marixa-lasso-presente-en-importante-conferencia-internacional-sobre-el-agua","status":"publish","type":"post","link":"https:\/\/alminutonoticia.com\/noticias\/la-historiadora-panamena-marixa-lasso-presente-en-importante-conferencia-internacional-sobre-el-agua\/","title":{"rendered":"La historiadora paname\u00f1a Marixa Lasso, presente en importante conferencia internacional sobre el agua"},"content":{"rendered":"\n<p>Marixa Lasso, historiadora y directora del Centro de Investigaciones Hist\u00f3ricas Antropol\u00f3gicas y Culturales AIP (CIHAC), particip\u00f3 de una conferencia internacional de prestigio sobre la importancia y problem\u00e1ticas actuales del agua. Se desarrolla este 23 y 24 de febrero en la Universidad de Texas. Austin (Estados Unidos), bajo el nombre \u201cA Water-Centered Perspective on Latin America and the Caribbean\u201d.<\/p>\n\n\n\n<p>Bajo el lema el agua esencial para la vida, la conferencia reuni\u00f3 a cient\u00edficos de una gran variedad de disciplinas y perspectivas, que incluyen arqueolog\u00eda, arquitectura, ciencias de la tierra, ecolog\u00eda, geograf\u00eda e historia, entre otras. El objetivo del evento fue reunir a referentes cient\u00edficos para abordar el papel que ha desempe\u00f1ado este recurso natural a lo largo de la historia y para entender c\u00f3mo las sociedades actuales interact\u00faan con este recurso esencial para la vida biol\u00f3gica, la subsistencia del ecosistema y las comunidades.<\/p>\n\n\n\n<p>La investigadora paname\u00f1a disert\u00f3 en el panel 3, que se enfoc\u00f3 en el agua en el Siglo XX. El t\u00edtulo de su presentaci\u00f3n fue: \u201cEl Lago Gat\u00fan y el Canal de Panam\u00e1: una historia de mitos, met\u00e1foras y despoblaci\u00f3n\u201d.<\/p>\n\n\n\n<p>Lasso destac\u00f3 que el agua es un recurso limitado y que gracias a conocer su historia, se pueden entender las muchas maneras en las los seres humanos la han utilizado. \u201cRecordar la riqueza de esa experiencia nos invita a pensar de manera creativa c\u00f3mo enfrentar los retos del futuro\u201d, asegur\u00f3. La historiadora detall\u00f3: \u201cA veces pensamos que la tecnolog\u00eda tiene una sola manera, inevitable, de hacer las cosas. Eso rara vez es cierto, cada decisi\u00f3n sobre el uso del agua descarta otras posibilidades y entender la historia de esos procesos es muy interesante y revelador\u201d. Ella abord\u00f3 ese problema en su conferencia con el ejemplo del lago Gat\u00fan.<\/p>\n\n\n\n<p>La directora de CIHAC AIP expuso c\u00f3mo la creaci\u00f3n del lago Gat\u00fan afect\u00f3 la vida de tres pueblos hist\u00f3ricos y c\u00f3mo para un mismo problema se tomaron tres decisiones pol\u00edticas distintas: \u201cUn ejemplo es el del pueblo Colonial de Gat\u00fan en 1908, que se movi\u00f3 para la construcci\u00f3n de las esclusas, pero se mantuvo dentro de la Zona del Canal. Luego, el pueblo colonial de Gorgona que solo se inund\u00f3 un poco, pero se movi\u00f3 muy lejos de la zona y el otro es el pueblo colonial de Chagres, que nunca se inund\u00f3 y ni siquiera estaba dentro de los l\u00edmites originales de la Zona del Canal, pero a pesar de eso se mud\u00f3 varios kil\u00f3metros\u201d.<\/p>\n\n\n\n<p>\u201cHabl\u00e9 en el panel sobre el lago como una met\u00e1fora, porque bajo el concepto unificador de una gran inundaci\u00f3n se escondieron muchas decisiones pol\u00edticas y urbanas que no ten\u00edan nada que ver con la inundaci\u00f3n y que tuvieron consecuencias muy importantes para los habitantes de esos poblados hist\u00f3ricos\u201d, detall\u00f3.<br>Sarah Hines, Profesora de Historia de la Universidad de Oklahoma form\u00f3 parte del bloque con su exposici\u00f3n \u201cLas guerras del agua en Bolivia: un siglo de lucha\u201d. El panel fue moderado por C.J. \u00c1lvarez y por Megan Raby, ambos profesores de la Universidad de Texas.<\/p>\n\n\n\n<p>Para conocer el listado completo de los investigadores que formaron parte de la conferencia, ingrese al siguiente enlace: clic aqu\u00ed.<\/p>\n\n\n\n<p>*Cr\u00e9dito fotograf\u00eda: Library of Congress, t\u00edtulo de la foto Site of Proposed Gatun Dam<\/p>\n\n\n\n<figure class=\"wp-block-image size-large\"><a href=\"https:\/\/alminutonoticia.com\/noticias\/wp-content\/uploads\/2023\/02\/Conferencia-scaled.jpg\"><img fetchpriority=\"high\" decoding=\"async\" width=\"1024\" height=\"768\" src=\"https:\/\/alminutonoticia.com\/noticias\/wp-content\/uploads\/2023\/02\/Conferencia-1024x768.jpg\" alt=\"\" class=\"wp-image-1335\" title=\"\" srcset=\"https:\/\/alminutonoticia.com\/noticias\/wp-content\/uploads\/2023\/02\/Conferencia-1024x768.jpg 1024w, https:\/\/alminutonoticia.com\/noticias\/wp-content\/uploads\/2023\/02\/Conferencia-300x225.jpg 300w, https:\/\/alminutonoticia.com\/noticias\/wp-content\/uploads\/2023\/02\/Conferencia-768x576.jpg 768w, https:\/\/alminutonoticia.com\/noticias\/wp-content\/uploads\/2023\/02\/Conferencia-1536x1152.jpg 1536w, https:\/\/alminutonoticia.com\/noticias\/wp-content\/uploads\/2023\/02\/Conferencia-2048x1536.jpg 2048w\" sizes=\"(max-width: 1024px) 100vw, 1024px\" \/><\/a><\/figure>\n\n\n\n<figure class=\"wp-block-image size-large\"><a href=\"https:\/\/alminutonoticia.com\/noticias\/wp-content\/uploads\/2023\/02\/Foto.jpg\"><img decoding=\"async\" width=\"1024\" height=\"576\" src=\"https:\/\/alminutonoticia.com\/noticias\/wp-content\/uploads\/2023\/02\/Foto-1024x576.jpg\" alt=\"\" class=\"wp-image-1336\" title=\"\" srcset=\"https:\/\/alminutonoticia.com\/noticias\/wp-content\/uploads\/2023\/02\/Foto-1024x576.jpg 1024w, https:\/\/alminutonoticia.com\/noticias\/wp-content\/uploads\/2023\/02\/Foto-300x169.jpg 300w, https:\/\/alminutonoticia.com\/noticias\/wp-content\/uploads\/2023\/02\/Foto-768x432.jpg 768w, https:\/\/alminutonoticia.com\/noticias\/wp-content\/uploads\/2023\/02\/Foto-1536x864.jpg 1536w, https:\/\/alminutonoticia.com\/noticias\/wp-content\/uploads\/2023\/02\/Foto.jpg 1920w\" sizes=\"(max-width: 1024px) 100vw, 1024px\" \/><\/a><\/figure>\n","protected":false},"excerpt":{"rendered":"<p>Marixa Lasso, historiadora y directora del Centro de Investigaciones Hist\u00f3ricas Antropol\u00f3gicas y Culturales AIP (CIHAC), particip\u00f3 de una conferencia internacional de prestigio sobre la importancia y problem\u00e1ticas actuales del agua. Se desarrolla este 23 y 24 de febrero en la Universidad de Texas. Austin (Estados Unidos), bajo el nombre \u201cA Water-Centered Perspective on Latin America [&hellip;]<\/p>\n","protected":false},"author":3,"featured_media":1335,"comment_status":"open","ping_status":"open","sticky":false,"template":"","format":"standard","meta":{"footnotes":""},"categories":[42,39],"tags":[],"class_list":["post-1334","post","type-post","status-publish","format-standard","has-post-thumbnail","hentry","category-ambiente","category-internacionales"],"_links":{"self":[{"href":"https:\/\/alminutonoticia.com\/noticias\/wp-json\/wp\/v2\/posts\/1334","targetHints":{"allow":["GET"]}}],"collection":[{"href":"https:\/\/alminutonoticia.com\/noticias\/wp-json\/wp\/v2\/posts"}],"about":[{"href":"https:\/\/alminutonoticia.com\/noticias\/wp-json\/wp\/v2\/types\/post"}],"author":[{"embeddable":true,"href":"https:\/\/alminutonoticia.com\/noticias\/wp-json\/wp\/v2\/users\/3"}],"replies":[{"embeddable":true,"href":"https:\/\/alminutonoticia.com\/noticias\/wp-json\/wp\/v2\/comments?post=1334"}],"version-history":[{"count":1,"href":"https:\/\/alminutonoticia.com\/noticias\/wp-json\/wp\/v2\/posts\/1334\/revisions"}],"predecessor-version":[{"id":1337,"href":"https:\/\/alminutonoticia.com\/noticias\/wp-json\/wp\/v2\/posts\/1334\/revisions\/1337"}],"wp:featuredmedia":[{"embeddable":true,"href":"https:\/\/alminutonoticia.com\/noticias\/wp-json\/wp\/v2\/media\/1335"}],"wp:attachment":[{"href":"https:\/\/alminutonoticia.com\/noticias\/wp-json\/wp\/v2\/media?parent=1334"}],"wp:term":[{"taxonomy":"category","embeddable":true,"href":"https:\/\/alminutonoticia.com\/noticias\/wp-json\/wp\/v2\/categories?post=1334"},{"taxonomy":"post_tag","embeddable":true,"href":"https:\/\/alminutonoticia.com\/noticias\/wp-json\/wp\/v2\/tags?post=1334"}],"curies":[{"name":"wp","href":"https:\/\/api.w.org\/{rel}","templated":true}]}}