{"id":13337,"date":"2024-12-13T02:31:09","date_gmt":"2024-12-13T02:31:09","guid":{"rendered":"https:\/\/alminutonoticia.com\/noticias\/?p=13337"},"modified":"2024-12-13T02:31:11","modified_gmt":"2024-12-13T02:31:11","slug":"miviot-entrega-66-viviendas-y-mejoras-a-familias-en-los-santos-y-veraguas","status":"publish","type":"post","link":"https:\/\/alminutonoticia.com\/noticias\/miviot-entrega-66-viviendas-y-mejoras-a-familias-en-los-santos-y-veraguas\/","title":{"rendered":"Miviot entrega 66 viviendas y mejoras a familias en Los Santos y Veraguas"},"content":{"rendered":"\n<p>Un total de 66 familias de escasos recursos, en pobreza y pobreza extrema y con integrantes con discapacidad, residentes en las provincias de Los Santos y Veraguas, fueron beneficiadas con casas de los programas Techos de Esperanza y Mejoramiento Habitacional del Ministerio de Vivienda y Ordenamiento Territorial (Miviot).&nbsp;<\/p>\n\n\n\n<p>Se trata de 50 unidades b\u00e1sicas y tres mejoras para familias residentes en el distrito de Macaracas, en Los Santos, y 13 reparaciones de viviendas para habitantes en el distrito de Santiago, en Veraguas.<\/p>\n\n\n\n<p>La entrega de las llaves y certificados de las nuevas soluciones de viviendas y mejoras, fue realizada por el viceministro de Vivienda, Fernando M\u00e9ndez, en representaci\u00f3n del titular del Miviot, Jaime A. Jovan\u00e9 C., acompa\u00f1ado de los ministros de la Presidencia y de Salud, Juan Carlos Orillac y Fernando Boyd Galindo, respectivamente.<\/p>\n\n\n\n<div class=\"wp-block-columns is-layout-flex wp-container-core-columns-is-layout-28f84493 wp-block-columns-is-layout-flex\">\n<div class=\"wp-block-column is-layout-flow wp-block-column-is-layout-flow\">\n<figure class=\"wp-block-image size-large\"><a href=\"https:\/\/alminutonoticia.com\/noticias\/wp-content\/uploads\/2024\/12\/IMG-20241212-WA0156.jpg\"><img fetchpriority=\"high\" decoding=\"async\" width=\"1024\" height=\"682\" src=\"https:\/\/alminutonoticia.com\/noticias\/wp-content\/uploads\/2024\/12\/IMG-20241212-WA0156-1024x682.jpg\" alt=\"\" class=\"wp-image-13338\" title=\"\" srcset=\"https:\/\/alminutonoticia.com\/noticias\/wp-content\/uploads\/2024\/12\/IMG-20241212-WA0156-1024x682.jpg 1024w, https:\/\/alminutonoticia.com\/noticias\/wp-content\/uploads\/2024\/12\/IMG-20241212-WA0156-300x200.jpg 300w, https:\/\/alminutonoticia.com\/noticias\/wp-content\/uploads\/2024\/12\/IMG-20241212-WA0156-768x512.jpg 768w, https:\/\/alminutonoticia.com\/noticias\/wp-content\/uploads\/2024\/12\/IMG-20241212-WA0156.jpg 1280w\" sizes=\"(max-width: 1024px) 100vw, 1024px\" \/><\/a><\/figure>\n<\/div>\n\n\n\n<div class=\"wp-block-column is-layout-flow wp-block-column-is-layout-flow\">\n<figure class=\"wp-block-image size-large\"><a href=\"https:\/\/alminutonoticia.com\/noticias\/wp-content\/uploads\/2024\/12\/IMG-20241212-WA0146.jpg\"><img decoding=\"async\" width=\"1024\" height=\"682\" src=\"https:\/\/alminutonoticia.com\/noticias\/wp-content\/uploads\/2024\/12\/IMG-20241212-WA0146-1024x682.jpg\" alt=\"\" class=\"wp-image-13339\" title=\"\" srcset=\"https:\/\/alminutonoticia.com\/noticias\/wp-content\/uploads\/2024\/12\/IMG-20241212-WA0146-1024x682.jpg 1024w, https:\/\/alminutonoticia.com\/noticias\/wp-content\/uploads\/2024\/12\/IMG-20241212-WA0146-300x200.jpg 300w, https:\/\/alminutonoticia.com\/noticias\/wp-content\/uploads\/2024\/12\/IMG-20241212-WA0146-768x512.jpg 768w, https:\/\/alminutonoticia.com\/noticias\/wp-content\/uploads\/2024\/12\/IMG-20241212-WA0146.jpg 1280w\" sizes=\"(max-width: 1024px) 100vw, 1024px\" \/><\/a><\/figure>\n<\/div>\n<\/div>\n\n\n\n<p>El viceministro M\u00e9ndez destac\u00f3 en su intervenci\u00f3n que \u201choy no solo entregamos las llaves de sus hogares, sino un lugar donde podr\u00e1n vivir con dignidad, criar a sus hijos y disfrutar de una estabilidad donde solo un hogar puede brindar&nbsp;y m\u00e1s que un techo tienen la oportunidad de prosperar y desarrollarse plenamente\u201d.<\/p>\n\n\n\n<p>Indic\u00f3 que la vivienda es uno de los pilares fundamentales para el bienestar de las personas, donde podr\u00e1n construir un proyecto de vida en comunidad.<\/p>\n\n\n\n<p>El Miviot hoy cumple con su compromiso en conjunto con la empresa privada de una manera eficaz de continuar disminuyendo el d\u00e9ficit habitacional.<\/p>\n\n\n\n<p>M\u00e9ndez resalt\u00f3 que la meta de esta administraci\u00f3n es culminar todos los proyectos que han quedado sin concluir y poder brindar a la poblaci\u00f3n de escasos recursos una soluci\u00f3n habitacional, que mejore su calidad de vida y que cuenten con acceso a agua potable y otros servicios b\u00e1sicos.<\/p>\n\n\n\n<p>Detall\u00f3 que a las familias a las cuales se les brind\u00f3 el beneficio de Techos de Esperanza resid\u00edan en casas improvisadas con paredes y techos de madera y zinc viejo, piso de tierra, mientras que a las que se le realizaron mejoras, sus residencias se encontraban en malas condiciones, sin repellar y usaban servicios de letrina.<\/p>\n\n\n\n<p>Las&nbsp;nuevas viviendas que ahora poseen estas familias cuentan con dos rec\u00e1maras, sala-comedor, cocina, ba\u00f1o y servicio higi\u00e9nico con tanque s\u00e9ptico biodigestor.<\/p>\n\n\n\n<p>En tanto, las mejoras realizadas a las casas, incluy\u00f3 repello, pintura, instalaci\u00f3n de divisiones internas, construcci\u00f3n de piso de cemento, ba\u00f1o y tanque s\u00e9ptico con biodigestor.<\/p>\n\n\n\n<p>&nbsp;Adem\u00e1s de la construcci\u00f3n y reparaci\u00f3n de las nuevas unidades de viviendas, se realizaron trabajos de mejoramientos de las v\u00edas de acceso como veredas, veredas calle y cunetas de conducci\u00f3n de aguas pluviales.<\/p>\n\n\n\n<p>Este proyecto nos solo brind\u00f3 un techo confortable, sino que adem\u00e1s, se convirti\u00f3 en una fuente de empleo para muchos de sus residentes y una oportunidad de aprendizaje para mujeres y hombres que laboraron como ayudante general, logrando algunos llegar al grado de obreros calificados.<\/p>\n\n\n\n<figure class=\"wp-block-image size-large\"><a href=\"https:\/\/alminutonoticia.com\/noticias\/wp-content\/uploads\/2024\/12\/IMG-20241212-WA0150.jpg\"><img decoding=\"async\" width=\"1024\" height=\"682\" src=\"https:\/\/alminutonoticia.com\/noticias\/wp-content\/uploads\/2024\/12\/IMG-20241212-WA0150-1024x682.jpg\" alt=\"\" class=\"wp-image-13340\" title=\"\" srcset=\"https:\/\/alminutonoticia.com\/noticias\/wp-content\/uploads\/2024\/12\/IMG-20241212-WA0150-1024x682.jpg 1024w, https:\/\/alminutonoticia.com\/noticias\/wp-content\/uploads\/2024\/12\/IMG-20241212-WA0150-300x200.jpg 300w, https:\/\/alminutonoticia.com\/noticias\/wp-content\/uploads\/2024\/12\/IMG-20241212-WA0150-768x512.jpg 768w, https:\/\/alminutonoticia.com\/noticias\/wp-content\/uploads\/2024\/12\/IMG-20241212-WA0150.jpg 1280w\" sizes=\"(max-width: 1024px) 100vw, 1024px\" \/><\/a><\/figure>\n\n\n\n<p>Por su parte, el ministro Orillac&nbsp;expres\u00f3 que&nbsp;nunca se debe dejar que por ninguna&nbsp;situaci\u00f3n permitir que las obras queden en el abandono, sino que deben ser culminadas y entregadas; y eso es parte del&nbsp;prop\u00f3sito y las instrucciones que&nbsp;han recibido por parte del presidente Jos\u00e9 Ra\u00fal Mulino.<\/p>\n\n\n\n<p>\u201cAprovechen esas viviendas y este Gobierno va a seguir construyendo estos hogares para las personas que&nbsp;lo requieran y en ese sentido de parte del se\u00f1or presidente de la Rep\u00fablica&nbsp;tengan&nbsp;fe y esperanza, porque estamos aqu\u00ed con un solo prop\u00f3sito que es mejorar la vida de cada uno de ustedes\u201d, concluy\u00f3.<\/p>\n","protected":false},"excerpt":{"rendered":"<p>Un total de 66 familias de escasos recursos, en pobreza y pobreza extrema y con integrantes con discapacidad, residentes en las provincias de Los Santos y Veraguas, fueron beneficiadas con casas de los programas Techos de Esperanza y Mejoramiento Habitacional del Ministerio de Vivienda y Ordenamiento Territorial (Miviot).&nbsp; Se trata de 50 unidades b\u00e1sicas y [&hellip;]<\/p>\n","protected":false},"author":3,"featured_media":13340,"comment_status":"open","ping_status":"open","sticky":false,"template":"","format":"standard","meta":{"footnotes":""},"categories":[36],"tags":[],"class_list":["post-13337","post","type-post","status-publish","format-standard","has-post-thumbnail","hentry","category-nacionales"],"_links":{"self":[{"href":"https:\/\/alminutonoticia.com\/noticias\/wp-json\/wp\/v2\/posts\/13337","targetHints":{"allow":["GET"]}}],"collection":[{"href":"https:\/\/alminutonoticia.com\/noticias\/wp-json\/wp\/v2\/posts"}],"about":[{"href":"https:\/\/alminutonoticia.com\/noticias\/wp-json\/wp\/v2\/types\/post"}],"author":[{"embeddable":true,"href":"https:\/\/alminutonoticia.com\/noticias\/wp-json\/wp\/v2\/users\/3"}],"replies":[{"embeddable":true,"href":"https:\/\/alminutonoticia.com\/noticias\/wp-json\/wp\/v2\/comments?post=13337"}],"version-history":[{"count":1,"href":"https:\/\/alminutonoticia.com\/noticias\/wp-json\/wp\/v2\/posts\/13337\/revisions"}],"predecessor-version":[{"id":13341,"href":"https:\/\/alminutonoticia.com\/noticias\/wp-json\/wp\/v2\/posts\/13337\/revisions\/13341"}],"wp:featuredmedia":[{"embeddable":true,"href":"https:\/\/alminutonoticia.com\/noticias\/wp-json\/wp\/v2\/media\/13340"}],"wp:attachment":[{"href":"https:\/\/alminutonoticia.com\/noticias\/wp-json\/wp\/v2\/media?parent=13337"}],"wp:term":[{"taxonomy":"category","embeddable":true,"href":"https:\/\/alminutonoticia.com\/noticias\/wp-json\/wp\/v2\/categories?post=13337"},{"taxonomy":"post_tag","embeddable":true,"href":"https:\/\/alminutonoticia.com\/noticias\/wp-json\/wp\/v2\/tags?post=13337"}],"curies":[{"name":"wp","href":"https:\/\/api.w.org\/{rel}","templated":true}]}}