{"id":13330,"date":"2024-12-13T02:26:14","date_gmt":"2024-12-13T02:26:14","guid":{"rendered":"https:\/\/alminutonoticia.com\/noticias\/?p=13330"},"modified":"2024-12-13T02:26:17","modified_gmt":"2024-12-13T02:26:17","slug":"convenio-ampyme-ciiecyt-itse-busca-fomentar-la-innovacion-y-el-emprendimiento-a-traves-de-su-plataforma-digital","status":"publish","type":"post","link":"https:\/\/alminutonoticia.com\/noticias\/convenio-ampyme-ciiecyt-itse-busca-fomentar-la-innovacion-y-el-emprendimiento-a-traves-de-su-plataforma-digital\/","title":{"rendered":"Convenio Ampyme \/ Ciiecyt \/ ITSE busca fomentar la innovaci\u00f3n y el emprendimiento, a trav\u00e9s de su plataforma digital"},"content":{"rendered":"\n<p>Este jueves 12 de diciembre, en un acto protocolar, se firm\u00f3 el convenio de colaboraci\u00f3n entre la Autoridad de la Micro, Peque\u00f1a y Mediana Empresa (Ampyme), el Instituto T\u00e9cnico Superior Especializado (ITSE), y el Centro de Investigaci\u00f3n, Innovaci\u00f3n y Emprendimiento Cient\u00edfico y Tecnol\u00f3gico (Ciiecyt) (AIP) cuyo objetivo es promover el talento humano, el desarrollo cient\u00edfico-tecnol\u00f3gico, la formaci\u00f3n profesional y la asistencia t\u00e9cnica en \u00e1reas de emprendimiento, innovaci\u00f3n social y cultura empresarial.<\/p>\n\n\n\n<p>La firma de este importante convenio marcar\u00e1 el inicio del proyecto \u201cEl ABC del &nbsp;Emprendedor para su transformaci\u00f3n digital\u201d, una iniciativa conjunta entre el Ciiecyt, ITSE y CENTER, que busca promover la innovaci\u00f3n y el esp\u00edritu emprendedor en nuestro pa\u00eds.<\/p>\n\n\n\n<figure class=\"wp-block-image size-full\"><a href=\"https:\/\/alminutonoticia.com\/noticias\/wp-content\/uploads\/2024\/12\/WhatsApp-Image-2024-12-12-at-8.04.11-PM-1.jpeg\"><img fetchpriority=\"high\" decoding=\"async\" width=\"1600\" height=\"1066\" src=\"https:\/\/alminutonoticia.com\/noticias\/wp-content\/uploads\/2024\/12\/WhatsApp-Image-2024-12-12-at-8.04.11-PM-1.jpeg\" alt=\"\" class=\"wp-image-13332\" title=\"\" srcset=\"https:\/\/alminutonoticia.com\/noticias\/wp-content\/uploads\/2024\/12\/WhatsApp-Image-2024-12-12-at-8.04.11-PM-1.jpeg 1600w, https:\/\/alminutonoticia.com\/noticias\/wp-content\/uploads\/2024\/12\/WhatsApp-Image-2024-12-12-at-8.04.11-PM-1-300x200.jpeg 300w, https:\/\/alminutonoticia.com\/noticias\/wp-content\/uploads\/2024\/12\/WhatsApp-Image-2024-12-12-at-8.04.11-PM-1-1024x682.jpeg 1024w, https:\/\/alminutonoticia.com\/noticias\/wp-content\/uploads\/2024\/12\/WhatsApp-Image-2024-12-12-at-8.04.11-PM-1-768x512.jpeg 768w, https:\/\/alminutonoticia.com\/noticias\/wp-content\/uploads\/2024\/12\/WhatsApp-Image-2024-12-12-at-8.04.11-PM-1-1536x1023.jpeg 1536w\" sizes=\"(max-width: 1600px) 100vw, 1600px\" \/><\/a><\/figure>\n\n\n\n<p>Todo esto parte de la distinci\u00f3n lograda por Ciiecyt-ITSE y la empresa CENTER, quienes obtuvieron el apoyo de la Secretar\u00eda Nacional de Ciencia, Tecnolog\u00eda e Innovaci\u00f3n (Senacyt), como parte de sus proyectos de fomento a la innovaci\u00f3n, a trav\u00e9s del financiamiento de iniciativas que planteen la comercializaci\u00f3n de productos o servicios innovadores, que generen un impacto econ\u00f3mico, social o ambiental en el pa\u00eds.<\/p>\n\n\n\n<p>Para la Ampyme, el convenio se constituye en una herramienta que le permitir\u00e1<br>apalancarse en la plataforma digital CENTER, para el desarrollo de la alfabetizaci\u00f3n digital para enfrentar los desaf\u00edos de formalizaci\u00f3n y el acceso de los emprendedores al mundo digital.<\/p>\n\n\n\n<p>La plataforma CENTER: un aliado para los emprendedores.<\/p>\n\n\n\n<figure class=\"wp-block-image size-large\"><a href=\"https:\/\/alminutonoticia.com\/noticias\/wp-content\/uploads\/2024\/12\/WhatsApp-Image-2024-12-12-at-8.04.10-PM.jpeg\"><img decoding=\"async\" width=\"1024\" height=\"682\" src=\"https:\/\/alminutonoticia.com\/noticias\/wp-content\/uploads\/2024\/12\/WhatsApp-Image-2024-12-12-at-8.04.10-PM-1024x682.jpeg\" alt=\"\" class=\"wp-image-13334\" title=\"\" srcset=\"https:\/\/alminutonoticia.com\/noticias\/wp-content\/uploads\/2024\/12\/WhatsApp-Image-2024-12-12-at-8.04.10-PM-1024x682.jpeg 1024w, https:\/\/alminutonoticia.com\/noticias\/wp-content\/uploads\/2024\/12\/WhatsApp-Image-2024-12-12-at-8.04.10-PM-300x200.jpeg 300w, https:\/\/alminutonoticia.com\/noticias\/wp-content\/uploads\/2024\/12\/WhatsApp-Image-2024-12-12-at-8.04.10-PM-768x512.jpeg 768w, https:\/\/alminutonoticia.com\/noticias\/wp-content\/uploads\/2024\/12\/WhatsApp-Image-2024-12-12-at-8.04.10-PM-1536x1023.jpeg 1536w, https:\/\/alminutonoticia.com\/noticias\/wp-content\/uploads\/2024\/12\/WhatsApp-Image-2024-12-12-at-8.04.10-PM.jpeg 1600w\" sizes=\"(max-width: 1024px) 100vw, 1024px\" \/><\/a><\/figure>\n\n\n\n<p>Fundada en el a\u00f1o 2012 y lanzada digitalmente en el 2019, CENTER es una comunidad de emprendedores y marcas consolidadas que operan dentro de un mercado en l\u00ednea, facilitando enlaces de comercio electr\u00f3nico entre usuarios y digitalizando sus funciones comerciales.<\/p>\n\n\n\n<p>En 2020, durante la pandemia CENTER jug\u00f3 un papel fundamental al apoyar a artesanos en el uso de la plataforma gratuita, lo que aline\u00f3 sus actividades con la reactivaci\u00f3n econ\u00f3mica del pa\u00eds, fomentando el ecosistema digital local y la inclusi\u00f3n econ\u00f3mica.<\/p>\n\n\n\n<figure class=\"wp-block-image size-large\"><a href=\"https:\/\/alminutonoticia.com\/noticias\/wp-content\/uploads\/2024\/12\/WhatsApp-Image-2024-12-12-at-8.04.10-PM-2.jpeg\"><img decoding=\"async\" width=\"1024\" height=\"682\" src=\"https:\/\/alminutonoticia.com\/noticias\/wp-content\/uploads\/2024\/12\/WhatsApp-Image-2024-12-12-at-8.04.10-PM-2-1024x682.jpeg\" alt=\"\" class=\"wp-image-13335\" title=\"\" srcset=\"https:\/\/alminutonoticia.com\/noticias\/wp-content\/uploads\/2024\/12\/WhatsApp-Image-2024-12-12-at-8.04.10-PM-2-1024x682.jpeg 1024w, https:\/\/alminutonoticia.com\/noticias\/wp-content\/uploads\/2024\/12\/WhatsApp-Image-2024-12-12-at-8.04.10-PM-2-300x200.jpeg 300w, https:\/\/alminutonoticia.com\/noticias\/wp-content\/uploads\/2024\/12\/WhatsApp-Image-2024-12-12-at-8.04.10-PM-2-768x512.jpeg 768w, https:\/\/alminutonoticia.com\/noticias\/wp-content\/uploads\/2024\/12\/WhatsApp-Image-2024-12-12-at-8.04.10-PM-2-1536x1023.jpeg 1536w, https:\/\/alminutonoticia.com\/noticias\/wp-content\/uploads\/2024\/12\/WhatsApp-Image-2024-12-12-at-8.04.10-PM-2.jpeg 1600w\" sizes=\"(max-width: 1024px) 100vw, 1024px\" \/><\/a><\/figure>\n","protected":false},"excerpt":{"rendered":"<p>Este jueves 12 de diciembre, en un acto protocolar, se firm\u00f3 el convenio de colaboraci\u00f3n entre la Autoridad de la Micro, Peque\u00f1a y Mediana Empresa (Ampyme), el Instituto T\u00e9cnico Superior Especializado (ITSE), y el Centro de Investigaci\u00f3n, Innovaci\u00f3n y Emprendimiento Cient\u00edfico y Tecnol\u00f3gico (Ciiecyt) (AIP) cuyo objetivo es promover el talento humano, el desarrollo cient\u00edfico-tecnol\u00f3gico, [&hellip;]<\/p>\n","protected":false},"author":3,"featured_media":13335,"comment_status":"open","ping_status":"open","sticky":false,"template":"","format":"standard","meta":{"footnotes":""},"categories":[36],"tags":[],"class_list":["post-13330","post","type-post","status-publish","format-standard","has-post-thumbnail","hentry","category-nacionales"],"_links":{"self":[{"href":"https:\/\/alminutonoticia.com\/noticias\/wp-json\/wp\/v2\/posts\/13330","targetHints":{"allow":["GET"]}}],"collection":[{"href":"https:\/\/alminutonoticia.com\/noticias\/wp-json\/wp\/v2\/posts"}],"about":[{"href":"https:\/\/alminutonoticia.com\/noticias\/wp-json\/wp\/v2\/types\/post"}],"author":[{"embeddable":true,"href":"https:\/\/alminutonoticia.com\/noticias\/wp-json\/wp\/v2\/users\/3"}],"replies":[{"embeddable":true,"href":"https:\/\/alminutonoticia.com\/noticias\/wp-json\/wp\/v2\/comments?post=13330"}],"version-history":[{"count":1,"href":"https:\/\/alminutonoticia.com\/noticias\/wp-json\/wp\/v2\/posts\/13330\/revisions"}],"predecessor-version":[{"id":13336,"href":"https:\/\/alminutonoticia.com\/noticias\/wp-json\/wp\/v2\/posts\/13330\/revisions\/13336"}],"wp:featuredmedia":[{"embeddable":true,"href":"https:\/\/alminutonoticia.com\/noticias\/wp-json\/wp\/v2\/media\/13335"}],"wp:attachment":[{"href":"https:\/\/alminutonoticia.com\/noticias\/wp-json\/wp\/v2\/media?parent=13330"}],"wp:term":[{"taxonomy":"category","embeddable":true,"href":"https:\/\/alminutonoticia.com\/noticias\/wp-json\/wp\/v2\/categories?post=13330"},{"taxonomy":"post_tag","embeddable":true,"href":"https:\/\/alminutonoticia.com\/noticias\/wp-json\/wp\/v2\/tags?post=13330"}],"curies":[{"name":"wp","href":"https:\/\/api.w.org\/{rel}","templated":true}]}}