{"id":13296,"date":"2024-12-11T12:01:23","date_gmt":"2024-12-11T12:01:23","guid":{"rendered":"https:\/\/alminutonoticia.com\/noticias\/?p=13296"},"modified":"2024-12-11T12:01:24","modified_gmt":"2024-12-11T12:01:24","slug":"mulino-envia-un-mensaje-de-recuperacion-al-presidente-brasileno-lula-da-silva-tras-operacion-de-emergencia","status":"publish","type":"post","link":"https:\/\/alminutonoticia.com\/noticias\/mulino-envia-un-mensaje-de-recuperacion-al-presidente-brasileno-lula-da-silva-tras-operacion-de-emergencia\/","title":{"rendered":"Mulino env\u00eda un mensaje de recuperaci\u00f3n al presidente brasile\u00f1o Lula da Silva tras operaci\u00f3n de emergencia\u00a0 \u00a0"},"content":{"rendered":"\n<p>Jos\u00e9 Ra\u00fal Mulino, presidente de Panam\u00e1, envi\u00f3 un mensaje de pronta recuperaci\u00f3n al mandatario de Brasil, Luiz In\u00e1cio Lula da Silva, quien se someti\u00f3 a una operaci\u00f3n de emergencia.<\/p>\n\n\n\n<p>\u201cMi sincero deseo de pronta y buena recuperaci\u00f3n para el presidente Lula da Silva tras su reciente incidente de salud. Estar\u00e9 pendiente de su evoluci\u00f3n desde nuestra embajada en Brasil\u201d, comunic\u00f3 Mulino en su cuenta de X.<\/p>\n\n\n\n<p>Lula da Silva fue operado esta madrugada&nbsp;&nbsp;tras una hemorragia intracraneal, detall\u00f3 el equipo que llev\u00f3 a cabo la cirug\u00eda.<\/p>\n\n\n\n<p>Agreg\u00f3 que por el momento se encuentra \u201cestable\u201d y \u201csin secuelas\u201d.<\/p>\n\n\n\n<p>La hemorragia fue reflejo de una ca\u00edda que sufri\u00f3 el pasado 19 de octubre en el Palacio de la Alvorada, residencia oficial de la Presidencia brasile\u00f1a, en Brasilia, y por la que tuvo cinco puntos de sutura en la nuca.&nbsp;<\/p>\n\n\n\n<figure class=\"wp-block-image size-full\"><a href=\"https:\/\/alminutonoticia.com\/noticias\/wp-content\/uploads\/2024\/12\/lulin-770x470-1.jpg\"><img fetchpriority=\"high\" decoding=\"async\" width=\"770\" height=\"470\" src=\"https:\/\/alminutonoticia.com\/noticias\/wp-content\/uploads\/2024\/12\/lulin-770x470-1.jpg\" alt=\"\" class=\"wp-image-13297\" title=\"\" srcset=\"https:\/\/alminutonoticia.com\/noticias\/wp-content\/uploads\/2024\/12\/lulin-770x470-1.jpg 770w, https:\/\/alminutonoticia.com\/noticias\/wp-content\/uploads\/2024\/12\/lulin-770x470-1-300x183.jpg 300w, https:\/\/alminutonoticia.com\/noticias\/wp-content\/uploads\/2024\/12\/lulin-770x470-1-768x469.jpg 768w\" sizes=\"(max-width: 770px) 100vw, 770px\" \/><\/a><\/figure>\n","protected":false},"excerpt":{"rendered":"<p>Jos\u00e9 Ra\u00fal Mulino, presidente de Panam\u00e1, envi\u00f3 un mensaje de pronta recuperaci\u00f3n al mandatario de Brasil, Luiz In\u00e1cio Lula da Silva, quien se someti\u00f3 a una operaci\u00f3n de emergencia. \u201cMi sincero deseo de pronta y buena recuperaci\u00f3n para el presidente Lula da Silva tras su reciente incidente de salud. Estar\u00e9 pendiente de su evoluci\u00f3n desde [&hellip;]<\/p>\n","protected":false},"author":3,"featured_media":13297,"comment_status":"open","ping_status":"open","sticky":false,"template":"","format":"standard","meta":{"footnotes":""},"categories":[36,39],"tags":[],"class_list":["post-13296","post","type-post","status-publish","format-standard","has-post-thumbnail","hentry","category-nacionales","category-internacionales"],"_links":{"self":[{"href":"https:\/\/alminutonoticia.com\/noticias\/wp-json\/wp\/v2\/posts\/13296","targetHints":{"allow":["GET"]}}],"collection":[{"href":"https:\/\/alminutonoticia.com\/noticias\/wp-json\/wp\/v2\/posts"}],"about":[{"href":"https:\/\/alminutonoticia.com\/noticias\/wp-json\/wp\/v2\/types\/post"}],"author":[{"embeddable":true,"href":"https:\/\/alminutonoticia.com\/noticias\/wp-json\/wp\/v2\/users\/3"}],"replies":[{"embeddable":true,"href":"https:\/\/alminutonoticia.com\/noticias\/wp-json\/wp\/v2\/comments?post=13296"}],"version-history":[{"count":1,"href":"https:\/\/alminutonoticia.com\/noticias\/wp-json\/wp\/v2\/posts\/13296\/revisions"}],"predecessor-version":[{"id":13298,"href":"https:\/\/alminutonoticia.com\/noticias\/wp-json\/wp\/v2\/posts\/13296\/revisions\/13298"}],"wp:featuredmedia":[{"embeddable":true,"href":"https:\/\/alminutonoticia.com\/noticias\/wp-json\/wp\/v2\/media\/13297"}],"wp:attachment":[{"href":"https:\/\/alminutonoticia.com\/noticias\/wp-json\/wp\/v2\/media?parent=13296"}],"wp:term":[{"taxonomy":"category","embeddable":true,"href":"https:\/\/alminutonoticia.com\/noticias\/wp-json\/wp\/v2\/categories?post=13296"},{"taxonomy":"post_tag","embeddable":true,"href":"https:\/\/alminutonoticia.com\/noticias\/wp-json\/wp\/v2\/tags?post=13296"}],"curies":[{"name":"wp","href":"https:\/\/api.w.org\/{rel}","templated":true}]}}