{"id":13293,"date":"2024-12-11T11:59:44","date_gmt":"2024-12-11T11:59:44","guid":{"rendered":"https:\/\/alminutonoticia.com\/noticias\/?p=13293"},"modified":"2024-12-11T11:59:46","modified_gmt":"2024-12-11T11:59:46","slug":"no-hay-aprehendidos-por-el-homicidio-en-loma-cova-alcaldesa-de-arraijan-hablando-de-mas","status":"publish","type":"post","link":"https:\/\/alminutonoticia.com\/noticias\/no-hay-aprehendidos-por-el-homicidio-en-loma-cova-alcaldesa-de-arraijan-hablando-de-mas\/","title":{"rendered":"No hay aprehendidos por el homicidio en Loma Cov\u00e1\u2026 Alcaldesa de Arraij\u00e1n hablando de m\u00e1s"},"content":{"rendered":"\n<p>Jaime Fern\u00e1ndez, director general de la Polic\u00eda Nacional, manifest\u00f3 ayer, a las 9:00 p.m., que no hay aprehendidos por el homicidio de un guardia&nbsp;de seguridad en el minis\u00faper Carlos Antonio, ubicado&nbsp;en Loma Cov\u00e1 en el distrito de Arraij\u00e1n, la noche del pasado 8 de diciembre.<\/p>\n\n\n\n<p>Declaraciones que surgen luego de que la&nbsp;alcaldesa de&nbsp;Arraij\u00e1n,&nbsp;Stefany Pe\u00f1alba, declar\u00f3que hab\u00edan aprehendido a tres sujetos por el caso.<\/p>\n\n\n\n<p>Algunos sospechosos fueron llevados ante las autoridades, pero es parte de la investigaci\u00f3n, ya que al momento del robo hab\u00eda varios consumidores en el establecimiento. Hasta ayer, se hab\u00edan desarrollado tres diligencias.<\/p>\n\n\n\n<p>La Polic\u00eda Nacional ofrece una recompensa de B\/. 3,000.00 para la persona que brinde informaci\u00f3n de la&nbsp;ubicaci\u00f3n de los implicados en este homicidio, que capt\u00f3laatenci\u00f3n de los internautas luego de que los videos del hecho se volvieran virales.<\/p>\n\n\n\n<figure class=\"wp-block-image size-full\"><a href=\"https:\/\/alminutonoticia.com\/noticias\/wp-content\/uploads\/2024\/12\/ldrones-720x470-1.jpg\"><img fetchpriority=\"high\" decoding=\"async\" width=\"720\" height=\"470\" src=\"https:\/\/alminutonoticia.com\/noticias\/wp-content\/uploads\/2024\/12\/ldrones-720x470-1.jpg\" alt=\"\" class=\"wp-image-13294\" title=\"\" srcset=\"https:\/\/alminutonoticia.com\/noticias\/wp-content\/uploads\/2024\/12\/ldrones-720x470-1.jpg 720w, https:\/\/alminutonoticia.com\/noticias\/wp-content\/uploads\/2024\/12\/ldrones-720x470-1-300x196.jpg 300w\" sizes=\"(max-width: 720px) 100vw, 720px\" \/><\/a><\/figure>\n","protected":false},"excerpt":{"rendered":"<p>Jaime Fern\u00e1ndez, director general de la Polic\u00eda Nacional, manifest\u00f3 ayer, a las 9:00 p.m., que no hay aprehendidos por el homicidio de un guardia&nbsp;de seguridad en el minis\u00faper Carlos Antonio, ubicado&nbsp;en Loma Cov\u00e1 en el distrito de Arraij\u00e1n, la noche del pasado 8 de diciembre. Declaraciones que surgen luego de que la&nbsp;alcaldesa de&nbsp;Arraij\u00e1n,&nbsp;Stefany Pe\u00f1alba, declar\u00f3que [&hellip;]<\/p>\n","protected":false},"author":3,"featured_media":13294,"comment_status":"open","ping_status":"open","sticky":false,"template":"","format":"standard","meta":{"footnotes":""},"categories":[36],"tags":[],"class_list":["post-13293","post","type-post","status-publish","format-standard","has-post-thumbnail","hentry","category-nacionales"],"_links":{"self":[{"href":"https:\/\/alminutonoticia.com\/noticias\/wp-json\/wp\/v2\/posts\/13293","targetHints":{"allow":["GET"]}}],"collection":[{"href":"https:\/\/alminutonoticia.com\/noticias\/wp-json\/wp\/v2\/posts"}],"about":[{"href":"https:\/\/alminutonoticia.com\/noticias\/wp-json\/wp\/v2\/types\/post"}],"author":[{"embeddable":true,"href":"https:\/\/alminutonoticia.com\/noticias\/wp-json\/wp\/v2\/users\/3"}],"replies":[{"embeddable":true,"href":"https:\/\/alminutonoticia.com\/noticias\/wp-json\/wp\/v2\/comments?post=13293"}],"version-history":[{"count":1,"href":"https:\/\/alminutonoticia.com\/noticias\/wp-json\/wp\/v2\/posts\/13293\/revisions"}],"predecessor-version":[{"id":13295,"href":"https:\/\/alminutonoticia.com\/noticias\/wp-json\/wp\/v2\/posts\/13293\/revisions\/13295"}],"wp:featuredmedia":[{"embeddable":true,"href":"https:\/\/alminutonoticia.com\/noticias\/wp-json\/wp\/v2\/media\/13294"}],"wp:attachment":[{"href":"https:\/\/alminutonoticia.com\/noticias\/wp-json\/wp\/v2\/media?parent=13293"}],"wp:term":[{"taxonomy":"category","embeddable":true,"href":"https:\/\/alminutonoticia.com\/noticias\/wp-json\/wp\/v2\/categories?post=13293"},{"taxonomy":"post_tag","embeddable":true,"href":"https:\/\/alminutonoticia.com\/noticias\/wp-json\/wp\/v2\/tags?post=13293"}],"curies":[{"name":"wp","href":"https:\/\/api.w.org\/{rel}","templated":true}]}}