{"id":13271,"date":"2024-12-03T19:19:01","date_gmt":"2024-12-03T19:19:01","guid":{"rendered":"https:\/\/alminutonoticia.com\/noticias\/?p=13271"},"modified":"2024-12-03T19:19:02","modified_gmt":"2024-12-03T19:19:02","slug":"camara-de-comercio-presenta-sus-consideraciones-al-proyecto-de-reformas-de-la-css","status":"publish","type":"post","link":"https:\/\/alminutonoticia.com\/noticias\/camara-de-comercio-presenta-sus-consideraciones-al-proyecto-de-reformas-de-la-css\/","title":{"rendered":"C\u00e1mara de Comercio presenta sus consideraciones al proyecto de reformas de la CSS"},"content":{"rendered":"\n<p>La digitalizaci\u00f3n de la Caja de Seguro Social, transparencia y rendici\u00f3n de cuentas, son los tres puntos importantes que forman parte de la propuesta presentadas por Juan Alberto Arias, presidente de la C\u00e1mara de la Comercio de Panam\u00e1, durante el d\u00e9cimo segundo d\u00eda de consultas al proyecto de ley 163 que modifica la Ley Org\u00e1nica de esa instituci\u00f3n de salud.<\/p>\n\n\n\n<p>Seg\u00fan Arias, es importante modernizar tecnol\u00f3gicamente a la CSS, para que los asegurados conozcan c\u00f3mo est\u00e1n los programas de la instituci\u00f3n, porque no es justo que los que se encuentran en el sistema mixto desconozcan cuanto tienen ahorrado, el rendimiento de sus inversiones y si sus patronos est\u00e1n pagando la cuota obrero patronal.<\/p>\n\n\n\n<p>Indic\u00f3 que los que administran la instituci\u00f3n, en el presente o en el futuro, tienen la responsabilidad de llevar los procesos claros, con autor\u00edas rigurosas y transparentes en cada paso, para que la ciudadan\u00eda pueda tener \u201clos pesos y contrapesos\u201d, no solo en la parte administrativa sino, tambi\u00e9n, de la Junta Directiva.<\/p>\n\n\n\n<p>\u201cHay que asegurarnos que quienes nos representen sean profesionales con visi\u00f3n a futuro y que cumplan un tiempo estipulado, por ende, el que cumpli\u00f3 su periodo debe darles la oportunidad a otras personas e incluso a los j\u00f3venes\u201d, manifest\u00f3 Arias.<\/p>\n\n\n\n<p>Arias se\u00f1al\u00f3 que, el proyecto es bueno y aunque necesita ser mejorado, es importante que la ciudadan\u00eda participe y realice sus aportes, para que resulte una ley beneficiosa para todos los asegurados y se salve la CSS.<\/p>\n\n\n\n<p>Por su parte, el presidente de la Comisi\u00f3n de Salud, diputado Alain Cede\u00f1o, inform\u00f3 que se espera culminar este viernes 6 de diciembre con las consultas en el \u00e1rea metropolitana y posteriormente el mi\u00e9rcoles 11 trasladarse hacia el interior del pa\u00eds, de tal forma, que en el t\u00e9rmino de una semana se realicen las consultas en las diferentes provincias.<\/p>\n\n\n\n<p>Manifest\u00f3 que, debido a que muchas personas del interior del pa\u00eds ya han participado en las consultas, se espera recoger en esas giras las propuestas de algunos gremios y de la sociedad civil, de tal forma que una vez concluya ese proceso, se inicie el primer debate del proyecto de ley.<\/p>\n\n\n\n<figure class=\"wp-block-image size-full\"><a href=\"https:\/\/alminutonoticia.com\/noticias\/wp-content\/uploads\/2024\/12\/digitilizacion-770x470-1.jpg\"><img fetchpriority=\"high\" decoding=\"async\" width=\"770\" height=\"470\" src=\"https:\/\/alminutonoticia.com\/noticias\/wp-content\/uploads\/2024\/12\/digitilizacion-770x470-1.jpg\" alt=\"\" class=\"wp-image-13273\" title=\"\" srcset=\"https:\/\/alminutonoticia.com\/noticias\/wp-content\/uploads\/2024\/12\/digitilizacion-770x470-1.jpg 770w, https:\/\/alminutonoticia.com\/noticias\/wp-content\/uploads\/2024\/12\/digitilizacion-770x470-1-300x183.jpg 300w, https:\/\/alminutonoticia.com\/noticias\/wp-content\/uploads\/2024\/12\/digitilizacion-770x470-1-768x469.jpg 768w\" sizes=\"(max-width: 770px) 100vw, 770px\" \/><\/a><\/figure>\n","protected":false},"excerpt":{"rendered":"<p>La digitalizaci\u00f3n de la Caja de Seguro Social, transparencia y rendici\u00f3n de cuentas, son los tres puntos importantes que forman parte de la propuesta presentadas por Juan Alberto Arias, presidente de la C\u00e1mara de la Comercio de Panam\u00e1, durante el d\u00e9cimo segundo d\u00eda de consultas al proyecto de ley 163 que modifica la Ley Org\u00e1nica [&hellip;]<\/p>\n","protected":false},"author":3,"featured_media":13273,"comment_status":"open","ping_status":"open","sticky":false,"template":"","format":"standard","meta":{"footnotes":""},"categories":[36],"tags":[],"class_list":["post-13271","post","type-post","status-publish","format-standard","has-post-thumbnail","hentry","category-nacionales"],"_links":{"self":[{"href":"https:\/\/alminutonoticia.com\/noticias\/wp-json\/wp\/v2\/posts\/13271","targetHints":{"allow":["GET"]}}],"collection":[{"href":"https:\/\/alminutonoticia.com\/noticias\/wp-json\/wp\/v2\/posts"}],"about":[{"href":"https:\/\/alminutonoticia.com\/noticias\/wp-json\/wp\/v2\/types\/post"}],"author":[{"embeddable":true,"href":"https:\/\/alminutonoticia.com\/noticias\/wp-json\/wp\/v2\/users\/3"}],"replies":[{"embeddable":true,"href":"https:\/\/alminutonoticia.com\/noticias\/wp-json\/wp\/v2\/comments?post=13271"}],"version-history":[{"count":1,"href":"https:\/\/alminutonoticia.com\/noticias\/wp-json\/wp\/v2\/posts\/13271\/revisions"}],"predecessor-version":[{"id":13274,"href":"https:\/\/alminutonoticia.com\/noticias\/wp-json\/wp\/v2\/posts\/13271\/revisions\/13274"}],"wp:featuredmedia":[{"embeddable":true,"href":"https:\/\/alminutonoticia.com\/noticias\/wp-json\/wp\/v2\/media\/13273"}],"wp:attachment":[{"href":"https:\/\/alminutonoticia.com\/noticias\/wp-json\/wp\/v2\/media?parent=13271"}],"wp:term":[{"taxonomy":"category","embeddable":true,"href":"https:\/\/alminutonoticia.com\/noticias\/wp-json\/wp\/v2\/categories?post=13271"},{"taxonomy":"post_tag","embeddable":true,"href":"https:\/\/alminutonoticia.com\/noticias\/wp-json\/wp\/v2\/tags?post=13271"}],"curies":[{"name":"wp","href":"https:\/\/api.w.org\/{rel}","templated":true}]}}