{"id":1327,"date":"2023-02-25T13:06:44","date_gmt":"2023-02-25T13:06:44","guid":{"rendered":"https:\/\/alminutonoticia.com\/noticias\/?p=1327"},"modified":"2023-02-25T13:06:44","modified_gmt":"2023-02-25T13:06:44","slug":"el-cambio-es-ya-yanibel-abrego-y-martinelli-se-toman-chiriqui-bocaa-del-toro-y-la-comarca","status":"publish","type":"post","link":"https:\/\/alminutonoticia.com\/noticias\/el-cambio-es-ya-yanibel-abrego-y-martinelli-se-toman-chiriqui-bocaa-del-toro-y-la-comarca\/","title":{"rendered":"El Cambio es Ya, Yanibel Abrego y Martinelli se toman Chiriqu\u00ed, Bocaa del Toro y la Comarca"},"content":{"rendered":"\n<p>Durante una exitosa gira que efectu\u00f3 Yanibel Abrego, l\u00edder de la n\u00f3mina: \u201cEl Cambi\u00f3 es Ya\u201d, este viernes, en la comarca Ngobe Bugl\u00e9 y en Bocas del Toro, el ex presidente Ricardo Martinelli se refiri\u00f3 a todas las obras que impuls\u00f3 en su gobierno para la comarca y para esta provincia y dijo que \u00e9ste, ser\u00e1 un pa\u00eds lleno de oportunidades para todos.<\/p>\n\n\n\n<p>\u201cTodos los ni\u00f1os tienen que tener una mochila con todos los libros y \u00fatiles escolares, computadoras con conexi\u00f3n a internet, a donde vayan, para que ellos puedan so\u00f1ar y ser lo que quieran ser.<\/p>\n\n\n\n<p>\u201c Mironai y Santa Catalina, fueron dos distritos creados, durante mi gesti\u00f3n, una carretera ser\u00e1 llevada hasta Calovebora para que estas comarcas est\u00e9n bien conectadas, para que todos los ni\u00f1os tengan oportunidades y para que haya trabajo, afirm\u00f3 Martinelli.<\/p>\n\n\n\n<p>\u201cVamos a darle el bono escolar y hacer una diferencia en la comarca, subiendo el monto de la Beca Universal por que no es lo mismo estar en la comarca que estar en otros puntos del pa\u00eds afirm\u00f3 el ex presidente.<\/p>\n\n\n\n<p>Durante el recorrido que hicieron este viernes, acompa\u00f1ados de Nadine Gonz\u00e1lez y Derick Echeverr\u00eda candidatos a las Secretarias de la Mujer y de la juventud, Yanibel Abrego pidi\u00f3 el voto para ambos y para los convencionales en las pr\u00f3ximas elecciones del CD el 19 de marzo.<\/p>\n\n\n\n<p>\u201cUna vez saquemos al orej\u00f3n, que no escucha a las bases del partido, nuestra alianza ser\u00e1 con Ricardo Martinelli y Realizando Metas y no con los paname\u00f1istas que destruyeron este pa\u00eds\u201d destac\u00f3 Abrego.<\/p>\n\n\n\n<p>La gira incluy\u00f3 Chiriqu\u00ed, Bocas del Toro, Comarca y este fin de semana, s\u00e1bado y domingo, estar\u00e1n en Penonom\u00e9 y Ant\u00f3n en Cocl\u00e9.<\/p>\n\n\n\n<figure class=\"wp-block-image size-full\"><a href=\"https:\/\/alminutonoticia.com\/noticias\/wp-content\/uploads\/2023\/02\/WhatsApp-Image-2023-02-24-at-6.02.29-PM-2.jpeg\"><img fetchpriority=\"high\" decoding=\"async\" width=\"768\" height=\"1024\" src=\"https:\/\/alminutonoticia.com\/noticias\/wp-content\/uploads\/2023\/02\/WhatsApp-Image-2023-02-24-at-6.02.29-PM-2.jpeg\" alt=\"\" class=\"wp-image-1328\" title=\"\" srcset=\"https:\/\/alminutonoticia.com\/noticias\/wp-content\/uploads\/2023\/02\/WhatsApp-Image-2023-02-24-at-6.02.29-PM-2.jpeg 768w, https:\/\/alminutonoticia.com\/noticias\/wp-content\/uploads\/2023\/02\/WhatsApp-Image-2023-02-24-at-6.02.29-PM-2-225x300.jpeg 225w\" sizes=\"(max-width: 768px) 100vw, 768px\" \/><\/a><\/figure>\n\n\n\n<figure class=\"wp-block-image size-full\"><a href=\"https:\/\/alminutonoticia.com\/noticias\/wp-content\/uploads\/2023\/02\/WhatsApp-Image-2023-02-24-at-6.02.29-PM-1.jpeg\"><img decoding=\"async\" width=\"768\" height=\"1024\" src=\"https:\/\/alminutonoticia.com\/noticias\/wp-content\/uploads\/2023\/02\/WhatsApp-Image-2023-02-24-at-6.02.29-PM-1.jpeg\" alt=\"\" class=\"wp-image-1329\" title=\"\" srcset=\"https:\/\/alminutonoticia.com\/noticias\/wp-content\/uploads\/2023\/02\/WhatsApp-Image-2023-02-24-at-6.02.29-PM-1.jpeg 768w, https:\/\/alminutonoticia.com\/noticias\/wp-content\/uploads\/2023\/02\/WhatsApp-Image-2023-02-24-at-6.02.29-PM-1-225x300.jpeg 225w\" sizes=\"(max-width: 768px) 100vw, 768px\" \/><\/a><\/figure>\n\n\n\n<figure class=\"wp-block-image size-full\"><a href=\"https:\/\/alminutonoticia.com\/noticias\/wp-content\/uploads\/2023\/02\/WhatsApp-Image-2023-02-24-at-6.02.29-PM.jpeg\"><img decoding=\"async\" width=\"768\" height=\"1024\" src=\"https:\/\/alminutonoticia.com\/noticias\/wp-content\/uploads\/2023\/02\/WhatsApp-Image-2023-02-24-at-6.02.29-PM.jpeg\" alt=\"\" class=\"wp-image-1330\" title=\"\" srcset=\"https:\/\/alminutonoticia.com\/noticias\/wp-content\/uploads\/2023\/02\/WhatsApp-Image-2023-02-24-at-6.02.29-PM.jpeg 768w, https:\/\/alminutonoticia.com\/noticias\/wp-content\/uploads\/2023\/02\/WhatsApp-Image-2023-02-24-at-6.02.29-PM-225x300.jpeg 225w\" sizes=\"(max-width: 768px) 100vw, 768px\" \/><\/a><\/figure>\n\n\n\n<figure class=\"wp-block-image size-full\"><a href=\"https:\/\/alminutonoticia.com\/noticias\/wp-content\/uploads\/2023\/02\/WhatsApp-Image-2023-02-24-at-6.02.28-PM-2.jpeg\"><img loading=\"lazy\" decoding=\"async\" width=\"768\" height=\"1024\" src=\"https:\/\/alminutonoticia.com\/noticias\/wp-content\/uploads\/2023\/02\/WhatsApp-Image-2023-02-24-at-6.02.28-PM-2.jpeg\" alt=\"\" class=\"wp-image-1331\" title=\"\" srcset=\"https:\/\/alminutonoticia.com\/noticias\/wp-content\/uploads\/2023\/02\/WhatsApp-Image-2023-02-24-at-6.02.28-PM-2.jpeg 768w, https:\/\/alminutonoticia.com\/noticias\/wp-content\/uploads\/2023\/02\/WhatsApp-Image-2023-02-24-at-6.02.28-PM-2-225x300.jpeg 225w\" sizes=\"(max-width: 768px) 100vw, 768px\" \/><\/a><\/figure>\n\n\n\n<figure class=\"wp-block-image size-full\"><a href=\"https:\/\/alminutonoticia.com\/noticias\/wp-content\/uploads\/2023\/02\/WhatsApp-Image-2023-02-24-at-6.02.28-PM-1.jpeg\"><img loading=\"lazy\" decoding=\"async\" width=\"1024\" height=\"768\" src=\"https:\/\/alminutonoticia.com\/noticias\/wp-content\/uploads\/2023\/02\/WhatsApp-Image-2023-02-24-at-6.02.28-PM-1.jpeg\" alt=\"\" class=\"wp-image-1332\" title=\"\" srcset=\"https:\/\/alminutonoticia.com\/noticias\/wp-content\/uploads\/2023\/02\/WhatsApp-Image-2023-02-24-at-6.02.28-PM-1.jpeg 1024w, https:\/\/alminutonoticia.com\/noticias\/wp-content\/uploads\/2023\/02\/WhatsApp-Image-2023-02-24-at-6.02.28-PM-1-300x225.jpeg 300w, https:\/\/alminutonoticia.com\/noticias\/wp-content\/uploads\/2023\/02\/WhatsApp-Image-2023-02-24-at-6.02.28-PM-1-768x576.jpeg 768w\" sizes=\"(max-width: 1024px) 100vw, 1024px\" \/><\/a><\/figure>\n","protected":false},"excerpt":{"rendered":"<p>Durante una exitosa gira que efectu\u00f3 Yanibel Abrego, l\u00edder de la n\u00f3mina: \u201cEl Cambi\u00f3 es Ya\u201d, este viernes, en la comarca Ngobe Bugl\u00e9 y en Bocas del Toro, el ex presidente Ricardo Martinelli se refiri\u00f3 a todas las obras que impuls\u00f3 en su gobierno para la comarca y para esta provincia y dijo que \u00e9ste, [&hellip;]<\/p>\n","protected":false},"author":3,"featured_media":1332,"comment_status":"open","ping_status":"open","sticky":false,"template":"","format":"standard","meta":{"footnotes":""},"categories":[36,37],"tags":[],"class_list":["post-1327","post","type-post","status-publish","format-standard","has-post-thumbnail","hentry","category-nacionales","category-politica"],"_links":{"self":[{"href":"https:\/\/alminutonoticia.com\/noticias\/wp-json\/wp\/v2\/posts\/1327","targetHints":{"allow":["GET"]}}],"collection":[{"href":"https:\/\/alminutonoticia.com\/noticias\/wp-json\/wp\/v2\/posts"}],"about":[{"href":"https:\/\/alminutonoticia.com\/noticias\/wp-json\/wp\/v2\/types\/post"}],"author":[{"embeddable":true,"href":"https:\/\/alminutonoticia.com\/noticias\/wp-json\/wp\/v2\/users\/3"}],"replies":[{"embeddable":true,"href":"https:\/\/alminutonoticia.com\/noticias\/wp-json\/wp\/v2\/comments?post=1327"}],"version-history":[{"count":1,"href":"https:\/\/alminutonoticia.com\/noticias\/wp-json\/wp\/v2\/posts\/1327\/revisions"}],"predecessor-version":[{"id":1333,"href":"https:\/\/alminutonoticia.com\/noticias\/wp-json\/wp\/v2\/posts\/1327\/revisions\/1333"}],"wp:featuredmedia":[{"embeddable":true,"href":"https:\/\/alminutonoticia.com\/noticias\/wp-json\/wp\/v2\/media\/1332"}],"wp:attachment":[{"href":"https:\/\/alminutonoticia.com\/noticias\/wp-json\/wp\/v2\/media?parent=1327"}],"wp:term":[{"taxonomy":"category","embeddable":true,"href":"https:\/\/alminutonoticia.com\/noticias\/wp-json\/wp\/v2\/categories?post=1327"},{"taxonomy":"post_tag","embeddable":true,"href":"https:\/\/alminutonoticia.com\/noticias\/wp-json\/wp\/v2\/tags?post=1327"}],"curies":[{"name":"wp","href":"https:\/\/api.w.org\/{rel}","templated":true}]}}