{"id":13262,"date":"2024-12-03T18:45:48","date_gmt":"2024-12-03T18:45:48","guid":{"rendered":"https:\/\/alminutonoticia.com\/noticias\/?p=13262"},"modified":"2024-12-03T18:45:49","modified_gmt":"2024-12-03T18:45:49","slug":"cinco-embajadores-entregan-credenciales-al-presidente-mulino","status":"publish","type":"post","link":"https:\/\/alminutonoticia.com\/noticias\/cinco-embajadores-entregan-credenciales-al-presidente-mulino\/","title":{"rendered":"Cinco embajadores entregan credenciales al presidente Mulino"},"content":{"rendered":"\n<p>Cinco nuevos embajadores de pa\u00edses de Am\u00e9rica, Asia y Europa presentaron sus credenciales este lunes al presidente de la Rep\u00fablica, Jos\u00e9 Ra\u00fal Mulino, y expresaron las intenciones de sus respectivos Gobiernos de fortalecer las relaciones con Panam\u00e1.<\/p>\n\n\n\n<p>El presidente recibi\u00f3 inicialmente a la Embajadora Extraordinaria y Plenipotenciaria de Canad\u00e1, Patricia Anne Atkinson. Seguidamente, fue el turno del Embajador Extraordinario y Plenipotenciario de Jap\u00f3n, Kazuyoshi Matsunaga.<\/p>\n\n\n\n<p>Tambi\u00e9n presentaron credenciales el Embajador Extraordinario y Plenipotenciario de la Rep\u00fablica de Colombia, Fabio Alejandro Mari\u00f1o; el Embajador Extraordinario y Plenipotenciario de la Rep\u00fablica de Ruman\u00eda, Manuel Plesa; y Vladimir Eisenbruk, Embajador Extraordinario y Plenipotenciario de la Rep\u00fablica Checa.<\/p>\n\n\n\n<p>La ceremonia diplom\u00e1tica tuvo lugar en el Sal\u00f3n Amarillo de la Presidente de la Rep\u00fablica. El presidente Mulino recibi\u00f3 a los nuevos embajadores acompa\u00f1ado del ministro de Relaciones Exteriores, Javier Mart\u00ednez-Acha.<\/p>\n\n\n\n<figure class=\"wp-block-image size-full\"><a href=\"https:\/\/alminutonoticia.com\/noticias\/wp-content\/uploads\/2024\/12\/mulinin-770x470-1.jpg\"><img fetchpriority=\"high\" decoding=\"async\" width=\"770\" height=\"470\" src=\"https:\/\/alminutonoticia.com\/noticias\/wp-content\/uploads\/2024\/12\/mulinin-770x470-1.jpg\" alt=\"\" class=\"wp-image-13263\" title=\"\" srcset=\"https:\/\/alminutonoticia.com\/noticias\/wp-content\/uploads\/2024\/12\/mulinin-770x470-1.jpg 770w, https:\/\/alminutonoticia.com\/noticias\/wp-content\/uploads\/2024\/12\/mulinin-770x470-1-300x183.jpg 300w, https:\/\/alminutonoticia.com\/noticias\/wp-content\/uploads\/2024\/12\/mulinin-770x470-1-768x469.jpg 768w\" sizes=\"(max-width: 770px) 100vw, 770px\" \/><\/a><\/figure>\n","protected":false},"excerpt":{"rendered":"<p>Cinco nuevos embajadores de pa\u00edses de Am\u00e9rica, Asia y Europa presentaron sus credenciales este lunes al presidente de la Rep\u00fablica, Jos\u00e9 Ra\u00fal Mulino, y expresaron las intenciones de sus respectivos Gobiernos de fortalecer las relaciones con Panam\u00e1. El presidente recibi\u00f3 inicialmente a la Embajadora Extraordinaria y Plenipotenciaria de Canad\u00e1, Patricia Anne Atkinson. Seguidamente, fue el [&hellip;]<\/p>\n","protected":false},"author":3,"featured_media":13263,"comment_status":"open","ping_status":"open","sticky":false,"template":"","format":"standard","meta":{"footnotes":""},"categories":[39,36],"tags":[],"class_list":["post-13262","post","type-post","status-publish","format-standard","has-post-thumbnail","hentry","category-internacionales","category-nacionales"],"_links":{"self":[{"href":"https:\/\/alminutonoticia.com\/noticias\/wp-json\/wp\/v2\/posts\/13262","targetHints":{"allow":["GET"]}}],"collection":[{"href":"https:\/\/alminutonoticia.com\/noticias\/wp-json\/wp\/v2\/posts"}],"about":[{"href":"https:\/\/alminutonoticia.com\/noticias\/wp-json\/wp\/v2\/types\/post"}],"author":[{"embeddable":true,"href":"https:\/\/alminutonoticia.com\/noticias\/wp-json\/wp\/v2\/users\/3"}],"replies":[{"embeddable":true,"href":"https:\/\/alminutonoticia.com\/noticias\/wp-json\/wp\/v2\/comments?post=13262"}],"version-history":[{"count":1,"href":"https:\/\/alminutonoticia.com\/noticias\/wp-json\/wp\/v2\/posts\/13262\/revisions"}],"predecessor-version":[{"id":13264,"href":"https:\/\/alminutonoticia.com\/noticias\/wp-json\/wp\/v2\/posts\/13262\/revisions\/13264"}],"wp:featuredmedia":[{"embeddable":true,"href":"https:\/\/alminutonoticia.com\/noticias\/wp-json\/wp\/v2\/media\/13263"}],"wp:attachment":[{"href":"https:\/\/alminutonoticia.com\/noticias\/wp-json\/wp\/v2\/media?parent=13262"}],"wp:term":[{"taxonomy":"category","embeddable":true,"href":"https:\/\/alminutonoticia.com\/noticias\/wp-json\/wp\/v2\/categories?post=13262"},{"taxonomy":"post_tag","embeddable":true,"href":"https:\/\/alminutonoticia.com\/noticias\/wp-json\/wp\/v2\/tags?post=13262"}],"curies":[{"name":"wp","href":"https:\/\/api.w.org\/{rel}","templated":true}]}}