{"id":13258,"date":"2024-12-03T18:43:43","date_gmt":"2024-12-03T18:43:43","guid":{"rendered":"https:\/\/alminutonoticia.com\/noticias\/?p=13258"},"modified":"2024-12-03T18:43:47","modified_gmt":"2024-12-03T18:43:47","slug":"meduca-regala-17-carros-a-docentes-que-participaron-en-la-final-de-la-orden-manuel-jose-hurtado-2024","status":"publish","type":"post","link":"https:\/\/alminutonoticia.com\/noticias\/meduca-regala-17-carros-a-docentes-que-participaron-en-la-final-de-la-orden-manuel-jose-hurtado-2024\/","title":{"rendered":"Meduca regala 17 carros a docentes que participaron en la final de la Orden Manuel Jos\u00e9 Hurtado 2024"},"content":{"rendered":"\n<p>En una solemne ceremonia realizada en el Domo de la Universidad de Panam\u00e1, en el sector de Curund\u00fa, se otorg\u00f3 la prestigiosa medalla Manuel Jos\u00e9 Hurtado al profesor Gerardo Barrios, de la regi\u00f3n educativa de Cocl\u00e9 por su destacada trayectoria en la docencia y su impacto positivo en la formaci\u00f3n de generaciones de j\u00f3venes paname\u00f1os.<\/p>\n\n\n\n<p>Mientras que, el Centro de Educaci\u00f3n B\u00e1sica General Biling\u00fce Lucir\u00eda Nieto de Pimentel, de la regi\u00f3n escolar de Herrera, obtuvo el primer lugar por su excelencia en la promoci\u00f3n de programas educativos e innovadores, que han transformado la calidad de la ense\u00f1anza en comunidades vulnerables.<\/p>\n\n\n\n<p>En este 2024, participaron 16 educadores y 16 centros educativos, que fueron seleccionados por la Comisi\u00f3n Regional de \u00c9tica y los ganadores fueron elegidos por el Consejo Nacional, instalado cada a\u00f1o, para distinguir a los destacados maestros e insignes planteles escolares.<\/p>\n\n\n\n<figure class=\"wp-block-image size-full\"><a href=\"https:\/\/alminutonoticia.com\/noticias\/wp-content\/uploads\/2024\/12\/azules-.jpg\"><img fetchpriority=\"high\" decoding=\"async\" width=\"776\" height=\"505\" src=\"https:\/\/alminutonoticia.com\/noticias\/wp-content\/uploads\/2024\/12\/azules-.jpg\" alt=\"\" class=\"wp-image-13259\" title=\"\" srcset=\"https:\/\/alminutonoticia.com\/noticias\/wp-content\/uploads\/2024\/12\/azules-.jpg 776w, https:\/\/alminutonoticia.com\/noticias\/wp-content\/uploads\/2024\/12\/azules--300x195.jpg 300w, https:\/\/alminutonoticia.com\/noticias\/wp-content\/uploads\/2024\/12\/azules--768x500.jpg 768w\" sizes=\"(max-width: 776px) 100vw, 776px\" \/><\/a><\/figure>\n\n\n\n<p>En su versi\u00f3n n\u00famero 65, los ganadores y participantes recibieron reconocimientos por su loable labor en el sistema educativo, entre los premios otorgados est\u00e1n 17 veh\u00edculos, uno para cada docente y 30 mil balboas para cada centro educativo, que ser\u00e1n utilizados en un proyecto escolar, de parte del Ministerio de Educaci\u00f3n y patrocinadores de la Orden Manuel Jos\u00e9 Hurtado, que es la m\u00e1s alta distinci\u00f3n que se confiere en el \u00e1mbito educativo, en el pa\u00eds.<\/p>\n\n\n\n<p>La ministra de Educaci\u00f3n, Lucy Molinar, resalt\u00f3 la importancia de la educaci\u00f3n como motor de cambio social y felicit\u00f3 a los condecorados por su compromiso, pasi\u00f3n y esfuerzo incansable por mejorar la calidad educativa en el pa\u00eds.<\/p>\n\n\n\n<p>\u201cLa labor de los educadores es fundamental para construir un Panam\u00e1 m\u00e1s justo y equitativo. Vuelve \u2018El Maestro Estrella\u2019 como un reconocimiento que simboliza nuestra gratitud a los educadores, por su dedicaci\u00f3n al servicio de la ense\u00f1anza\u201d, expres\u00f3 Molinar.<\/p>\n\n\n\n<p>La orden se entrega anualmente en honor al natalicio, el 1 de diciembre de 1821, del ilustre educador paname\u00f1o Manuel Jos\u00e9 Hurtado. Con este homenaje, Panam\u00e1 reafirma su compromiso con la educaci\u00f3n y el reconocimiento del valor de quienes trabajan d\u00eda a d\u00eda por un futuro mejor para el pa\u00eds.<\/p>\n\n\n\n<figure class=\"wp-block-image size-full\"><a href=\"https:\/\/alminutonoticia.com\/noticias\/wp-content\/uploads\/2024\/12\/azuels-ss-751x470-1.jpg\"><img decoding=\"async\" width=\"751\" height=\"470\" src=\"https:\/\/alminutonoticia.com\/noticias\/wp-content\/uploads\/2024\/12\/azuels-ss-751x470-1.jpg\" alt=\"\" class=\"wp-image-13260\" title=\"\" srcset=\"https:\/\/alminutonoticia.com\/noticias\/wp-content\/uploads\/2024\/12\/azuels-ss-751x470-1.jpg 751w, https:\/\/alminutonoticia.com\/noticias\/wp-content\/uploads\/2024\/12\/azuels-ss-751x470-1-300x188.jpg 300w\" sizes=\"(max-width: 751px) 100vw, 751px\" \/><\/a><\/figure>\n","protected":false},"excerpt":{"rendered":"<p>En una solemne ceremonia realizada en el Domo de la Universidad de Panam\u00e1, en el sector de Curund\u00fa, se otorg\u00f3 la prestigiosa medalla Manuel Jos\u00e9 Hurtado al profesor Gerardo Barrios, de la regi\u00f3n educativa de Cocl\u00e9 por su destacada trayectoria en la docencia y su impacto positivo en la formaci\u00f3n de generaciones de j\u00f3venes paname\u00f1os. [&hellip;]<\/p>\n","protected":false},"author":3,"featured_media":13260,"comment_status":"open","ping_status":"open","sticky":false,"template":"","format":"standard","meta":{"footnotes":""},"categories":[36],"tags":[],"class_list":["post-13258","post","type-post","status-publish","format-standard","has-post-thumbnail","hentry","category-nacionales"],"_links":{"self":[{"href":"https:\/\/alminutonoticia.com\/noticias\/wp-json\/wp\/v2\/posts\/13258","targetHints":{"allow":["GET"]}}],"collection":[{"href":"https:\/\/alminutonoticia.com\/noticias\/wp-json\/wp\/v2\/posts"}],"about":[{"href":"https:\/\/alminutonoticia.com\/noticias\/wp-json\/wp\/v2\/types\/post"}],"author":[{"embeddable":true,"href":"https:\/\/alminutonoticia.com\/noticias\/wp-json\/wp\/v2\/users\/3"}],"replies":[{"embeddable":true,"href":"https:\/\/alminutonoticia.com\/noticias\/wp-json\/wp\/v2\/comments?post=13258"}],"version-history":[{"count":1,"href":"https:\/\/alminutonoticia.com\/noticias\/wp-json\/wp\/v2\/posts\/13258\/revisions"}],"predecessor-version":[{"id":13261,"href":"https:\/\/alminutonoticia.com\/noticias\/wp-json\/wp\/v2\/posts\/13258\/revisions\/13261"}],"wp:featuredmedia":[{"embeddable":true,"href":"https:\/\/alminutonoticia.com\/noticias\/wp-json\/wp\/v2\/media\/13260"}],"wp:attachment":[{"href":"https:\/\/alminutonoticia.com\/noticias\/wp-json\/wp\/v2\/media?parent=13258"}],"wp:term":[{"taxonomy":"category","embeddable":true,"href":"https:\/\/alminutonoticia.com\/noticias\/wp-json\/wp\/v2\/categories?post=13258"},{"taxonomy":"post_tag","embeddable":true,"href":"https:\/\/alminutonoticia.com\/noticias\/wp-json\/wp\/v2\/tags?post=13258"}],"curies":[{"name":"wp","href":"https:\/\/api.w.org\/{rel}","templated":true}]}}