{"id":13255,"date":"2024-12-03T18:39:48","date_gmt":"2024-12-03T18:39:48","guid":{"rendered":"https:\/\/alminutonoticia.com\/noticias\/?p=13255"},"modified":"2024-12-03T18:39:50","modified_gmt":"2024-12-03T18:39:50","slug":"en-panama-30-mil-personas-viven-con-vih","status":"publish","type":"post","link":"https:\/\/alminutonoticia.com\/noticias\/en-panama-30-mil-personas-viven-con-vih\/","title":{"rendered":"En Panam\u00e1 30 mil personas viven con VIH"},"content":{"rendered":"\n<p>El ministro de Salud, Fernando Boyd Galindo, anunci\u00f3 en el marco de la conmemoraci\u00f3n del D\u00eda<br>Mundial de la lucha contra el Sida y Respuesta al VIH, que se abrir\u00e1n nuevos servicios amigables de prevenci\u00f3n, tratamiento y expansi\u00f3n de la terapia antirretroviral en el Centro de Salud de Parita, en la regi\u00f3n de Herrera.<\/p>\n\n\n\n<p>Boyd Galindo manifest\u00f3 que la protecci\u00f3n de los derechos humanos es esencial para poner fin al VIH como amenaza para la salud p\u00fablica en el 2030; es por ello que el Minsa asume el desaf\u00edo de eliminar la<br>transmisi\u00f3n materno infantil del VIH para 2025, as\u00ed como otras enfermedades transmisibles para 2030.<\/p>\n\n\n\n<p>Este a\u00f1o, desde el Ministerio de Salud \u201cqueremos hacer un especial \u00e9nfasis en fortalecer una respuesta articulada, que involucre al Gobierno Nacional, al personal de salud, a la cooperaci\u00f3n internacional, a la empresa privada y a otros actores claves para alcanzar las metas nacionales, en concordancia con los compromisosinternacionales para poner fin a la epidemia del VIH\u201d, dijo Boyd Galindo.<\/p>\n\n\n\n<p>El titular de Salud se\u00f1al\u00f3 que la discriminaci\u00f3n y el estigma persisten como obst\u00e1culos significativos que afectan la calidad de vida de las personas que viven con VIH y limitan su acceso a servicios esenciales<br>de salud, por lo que \u201ces nuestra responsabilidad, como Gobierno, poder eliminar estas barreras, promoviendo una atenci\u00f3n digna, inclusiva y respetuosa\u201d.<\/p>\n\n\n\n<p>Carlos Ch\u00e1vez, jefe de la Secci\u00f3n de ITS\/VIH\/ Sida del Ministerio de Salud, indic\u00f3 que en Panam\u00e1 30 mil personas viven con VIH. En el 2023 se diagnosticaron 2,000 casos y este a\u00f1o van 1,532 nuevas personas infectadas con el virus.<\/p>\n\n\n\n<p>Estos nuevos casos se han reportado en la Regi\u00f3n metropolitana, Panam\u00e1 Oeste, San Miguelito y la comarca Ng\u00e4be Bugl\u00e9.<\/p>\n\n\n\n<p>Ch\u00e1vez explic\u00f3 que el Ministerio de Salud contin\u00faa con las medidas de prevenci\u00f3n contra el VIH, por ello se est\u00e1n abriendo nuevos centros de prevenci\u00f3n que no tienen, como es el caso de la regi\u00f3n de Herrera,<br>Los Santos y Cocl\u00e9.<\/p>\n\n\n\n<p>Cada 1 de diciembre se conmemorar el D\u00eda Mundial de la Lucha Contra el Sida, bajo el lema de ONUSIDA para este a\u00f1o: \u00abSigamos el camino de los derechos\u00bb.<\/p>\n\n\n\n<p>Participaron en esta actividad el ministro de Salud, Fernando Boyd Galindo, el subdirector de Actividades Recreativas del Municipio de Panam\u00e1, Irving Garc\u00eda, el jefe de la Secci\u00f3n de ITS\/VIH\/ Sida del Ministerio de Salud, Carlos Ch\u00e1vez, y directores nacionales del Ministerio de Salud.<\/p>\n\n\n\n<figure class=\"wp-block-image size-full\"><a href=\"https:\/\/alminutonoticia.com\/noticias\/wp-content\/uploads\/2024\/12\/minsa-770x470-1.jpg\"><img fetchpriority=\"high\" decoding=\"async\" width=\"770\" height=\"470\" src=\"https:\/\/alminutonoticia.com\/noticias\/wp-content\/uploads\/2024\/12\/minsa-770x470-1.jpg\" alt=\"\" class=\"wp-image-13256\" title=\"\" srcset=\"https:\/\/alminutonoticia.com\/noticias\/wp-content\/uploads\/2024\/12\/minsa-770x470-1.jpg 770w, https:\/\/alminutonoticia.com\/noticias\/wp-content\/uploads\/2024\/12\/minsa-770x470-1-300x183.jpg 300w, https:\/\/alminutonoticia.com\/noticias\/wp-content\/uploads\/2024\/12\/minsa-770x470-1-768x469.jpg 768w\" sizes=\"(max-width: 770px) 100vw, 770px\" \/><\/a><\/figure>\n","protected":false},"excerpt":{"rendered":"<p>El ministro de Salud, Fernando Boyd Galindo, anunci\u00f3 en el marco de la conmemoraci\u00f3n del D\u00edaMundial de la lucha contra el Sida y Respuesta al VIH, que se abrir\u00e1n nuevos servicios amigables de prevenci\u00f3n, tratamiento y expansi\u00f3n de la terapia antirretroviral en el Centro de Salud de Parita, en la regi\u00f3n de Herrera. Boyd Galindo [&hellip;]<\/p>\n","protected":false},"author":3,"featured_media":13256,"comment_status":"open","ping_status":"open","sticky":false,"template":"","format":"standard","meta":{"footnotes":""},"categories":[45,36],"tags":[],"class_list":["post-13255","post","type-post","status-publish","format-standard","has-post-thumbnail","hentry","category-salud","category-nacionales"],"_links":{"self":[{"href":"https:\/\/alminutonoticia.com\/noticias\/wp-json\/wp\/v2\/posts\/13255","targetHints":{"allow":["GET"]}}],"collection":[{"href":"https:\/\/alminutonoticia.com\/noticias\/wp-json\/wp\/v2\/posts"}],"about":[{"href":"https:\/\/alminutonoticia.com\/noticias\/wp-json\/wp\/v2\/types\/post"}],"author":[{"embeddable":true,"href":"https:\/\/alminutonoticia.com\/noticias\/wp-json\/wp\/v2\/users\/3"}],"replies":[{"embeddable":true,"href":"https:\/\/alminutonoticia.com\/noticias\/wp-json\/wp\/v2\/comments?post=13255"}],"version-history":[{"count":1,"href":"https:\/\/alminutonoticia.com\/noticias\/wp-json\/wp\/v2\/posts\/13255\/revisions"}],"predecessor-version":[{"id":13257,"href":"https:\/\/alminutonoticia.com\/noticias\/wp-json\/wp\/v2\/posts\/13255\/revisions\/13257"}],"wp:featuredmedia":[{"embeddable":true,"href":"https:\/\/alminutonoticia.com\/noticias\/wp-json\/wp\/v2\/media\/13256"}],"wp:attachment":[{"href":"https:\/\/alminutonoticia.com\/noticias\/wp-json\/wp\/v2\/media?parent=13255"}],"wp:term":[{"taxonomy":"category","embeddable":true,"href":"https:\/\/alminutonoticia.com\/noticias\/wp-json\/wp\/v2\/categories?post=13255"},{"taxonomy":"post_tag","embeddable":true,"href":"https:\/\/alminutonoticia.com\/noticias\/wp-json\/wp\/v2\/tags?post=13255"}],"curies":[{"name":"wp","href":"https:\/\/api.w.org\/{rel}","templated":true}]}}