{"id":13245,"date":"2024-12-02T18:33:27","date_gmt":"2024-12-02T18:33:27","guid":{"rendered":"https:\/\/alminutonoticia.com\/noticias\/?p=13245"},"modified":"2024-12-02T18:33:31","modified_gmt":"2024-12-02T18:33:31","slug":"intentan-robar-en-una-farmacia-con-una-replica-de-arma-de-fuego","status":"publish","type":"post","link":"https:\/\/alminutonoticia.com\/noticias\/intentan-robar-en-una-farmacia-con-una-replica-de-arma-de-fuego\/","title":{"rendered":"Intentan robar en una farmacia con una r\u00e9plica de arma de fuego"},"content":{"rendered":"\n<p>La Polic\u00eda Nacional frustr\u00f3 el intento de robo, en perjuicio de una farmacia, localizada en el sector de Carrasquilla, a la altura de la V\u00eda de Espa\u00f1a y Avenida Ernesto T. Lefevre.<\/p>\n\n\n\n<p>Durante la operaci\u00f3n policial fueron aprehendidos seis personas, de ellas dos menor de edad, adem\u00e1s se incautaron una r\u00e9plica de arma de fuego y otros indicios vinculados presuntamente al delito Contra el Patrimonio en su modalidad de Robo.<\/p>\n\n\n\n<p>El mayor Davis Peralta indic\u00f3 que los sujetos ingresaron de manera violenta a la farmacia, por lo que fueron neutralizados. Uno de los aprehendidos mantiene en su contra un oficio de captura por el delito de Homicidio.<\/p>\n\n\n\n<figure class=\"wp-block-image size-full\"><a href=\"https:\/\/alminutonoticia.com\/noticias\/wp-content\/uploads\/2024\/12\/WhatsApp-Image-2024-12-01-at-12.22.07-PM-770x470-1.jpeg\"><img fetchpriority=\"high\" decoding=\"async\" width=\"770\" height=\"470\" src=\"https:\/\/alminutonoticia.com\/noticias\/wp-content\/uploads\/2024\/12\/WhatsApp-Image-2024-12-01-at-12.22.07-PM-770x470-1.jpeg\" alt=\"\" class=\"wp-image-13246\" title=\"\" srcset=\"https:\/\/alminutonoticia.com\/noticias\/wp-content\/uploads\/2024\/12\/WhatsApp-Image-2024-12-01-at-12.22.07-PM-770x470-1.jpeg 770w, https:\/\/alminutonoticia.com\/noticias\/wp-content\/uploads\/2024\/12\/WhatsApp-Image-2024-12-01-at-12.22.07-PM-770x470-1-300x183.jpeg 300w, https:\/\/alminutonoticia.com\/noticias\/wp-content\/uploads\/2024\/12\/WhatsApp-Image-2024-12-01-at-12.22.07-PM-770x470-1-768x469.jpeg 768w\" sizes=\"(max-width: 770px) 100vw, 770px\" \/><\/a><\/figure>\n","protected":false},"excerpt":{"rendered":"<p>La Polic\u00eda Nacional frustr\u00f3 el intento de robo, en perjuicio de una farmacia, localizada en el sector de Carrasquilla, a la altura de la V\u00eda de Espa\u00f1a y Avenida Ernesto T. Lefevre. Durante la operaci\u00f3n policial fueron aprehendidos seis personas, de ellas dos menor de edad, adem\u00e1s se incautaron una r\u00e9plica de arma de fuego [&hellip;]<\/p>\n","protected":false},"author":3,"featured_media":13246,"comment_status":"open","ping_status":"open","sticky":false,"template":"","format":"standard","meta":{"footnotes":""},"categories":[1],"tags":[],"class_list":["post-13245","post","type-post","status-publish","format-standard","has-post-thumbnail","hentry","category-sin-categoria"],"_links":{"self":[{"href":"https:\/\/alminutonoticia.com\/noticias\/wp-json\/wp\/v2\/posts\/13245","targetHints":{"allow":["GET"]}}],"collection":[{"href":"https:\/\/alminutonoticia.com\/noticias\/wp-json\/wp\/v2\/posts"}],"about":[{"href":"https:\/\/alminutonoticia.com\/noticias\/wp-json\/wp\/v2\/types\/post"}],"author":[{"embeddable":true,"href":"https:\/\/alminutonoticia.com\/noticias\/wp-json\/wp\/v2\/users\/3"}],"replies":[{"embeddable":true,"href":"https:\/\/alminutonoticia.com\/noticias\/wp-json\/wp\/v2\/comments?post=13245"}],"version-history":[{"count":1,"href":"https:\/\/alminutonoticia.com\/noticias\/wp-json\/wp\/v2\/posts\/13245\/revisions"}],"predecessor-version":[{"id":13247,"href":"https:\/\/alminutonoticia.com\/noticias\/wp-json\/wp\/v2\/posts\/13245\/revisions\/13247"}],"wp:featuredmedia":[{"embeddable":true,"href":"https:\/\/alminutonoticia.com\/noticias\/wp-json\/wp\/v2\/media\/13246"}],"wp:attachment":[{"href":"https:\/\/alminutonoticia.com\/noticias\/wp-json\/wp\/v2\/media?parent=13245"}],"wp:term":[{"taxonomy":"category","embeddable":true,"href":"https:\/\/alminutonoticia.com\/noticias\/wp-json\/wp\/v2\/categories?post=13245"},{"taxonomy":"post_tag","embeddable":true,"href":"https:\/\/alminutonoticia.com\/noticias\/wp-json\/wp\/v2\/tags?post=13245"}],"curies":[{"name":"wp","href":"https:\/\/api.w.org\/{rel}","templated":true}]}}