{"id":13222,"date":"2024-11-27T21:46:06","date_gmt":"2024-11-27T21:46:06","guid":{"rendered":"https:\/\/alminutonoticia.com\/noticias\/?p=13222"},"modified":"2024-11-27T21:46:08","modified_gmt":"2024-11-27T21:46:08","slug":"cajas-navidenas-del-ima-se-venderan-desde-el-3-de-diciembre","status":"publish","type":"post","link":"https:\/\/alminutonoticia.com\/noticias\/cajas-navidenas-del-ima-se-venderan-desde-el-3-de-diciembre\/","title":{"rendered":"Cajas navide\u00f1as del IMA se vender\u00e1n desde el 3 de diciembre\u00a0\u00a0"},"content":{"rendered":"\n<p>El Instituto de Mercadeo Agropecuario (IMA), anunci\u00f3 un plan integral para la distribuci\u00f3n de cajas navide\u00f1as, con el objetivo de asegurar que las festividades de fin de a\u00f1o sean accesibles y seguras para todas las familias paname\u00f1as.<\/p>\n\n\n\n<p>El IMA presentar\u00e1 500 mil cajas, una por familia, que incluir\u00e1n productos esenciales y tradicionales para la celebraci\u00f3n de las festividades de fin de a\u00f1o.<\/p>\n\n\n\n<p>El programa de distribuci\u00f3n de las cajas navide\u00f1as iniciar\u00e1 el pr\u00f3ximo 3 de diciembre en las provincias de Chiriqu\u00ed y Dari\u00e9n, extendi\u00e9ndose hasta el 19.<\/p>\n\n\n\n<p>Nilo Murillo, director general del IMA se\u00f1al\u00f3 que, aprendiendo de situaciones pasadas, se ha implementado un nuevo plan log\u00edstico que incluye el uso del dispositivo conocido como PDA con el QR de la c\u00e9dula para verificar y agilizar el proceso de entrega.<\/p>\n\n\n\n<p>Adem\u00e1s, agreg\u00f3, se ha coordinado con la Polic\u00eda Nacional para garantizar la seguridad en los puntos de distribuci\u00f3n, evitando que las personas se trasladen a lugares diferentes al de su residencia con la intenci\u00f3n de duplicar sus compras. La cooperaci\u00f3n de los gobernadores tambi\u00e9n ser\u00e1 crucial para la implementaci\u00f3n de este plan.<\/p>\n\n\n\n<p>El titular del IMA dijo que se solicit\u00f3 a la cadena agropecuaria porcina que dispusiera de 85 mil unidades, ante la incapacidad de satisfacer la demanda, por lo que se complement\u00f3 con la importaci\u00f3n de 415 mil jamones del mercado internacional.<\/p>\n\n\n\n<p>Murillo manifest\u00f3 que, a partir de la pr\u00f3xima semana, se llevar\u00e1n a cabo ferias navide\u00f1as que abrir\u00e1n sus puertas a las 7 de la ma\u00f1ana.<\/p>\n\n\n\n<figure class=\"wp-block-image size-full\"><a href=\"https:\/\/alminutonoticia.com\/noticias\/wp-content\/uploads\/2024\/11\/janonitos-770x470-1.jpeg\"><img fetchpriority=\"high\" decoding=\"async\" width=\"770\" height=\"470\" src=\"https:\/\/alminutonoticia.com\/noticias\/wp-content\/uploads\/2024\/11\/janonitos-770x470-1.jpeg\" alt=\"\" class=\"wp-image-13223\" title=\"\" srcset=\"https:\/\/alminutonoticia.com\/noticias\/wp-content\/uploads\/2024\/11\/janonitos-770x470-1.jpeg 770w, https:\/\/alminutonoticia.com\/noticias\/wp-content\/uploads\/2024\/11\/janonitos-770x470-1-300x183.jpeg 300w, https:\/\/alminutonoticia.com\/noticias\/wp-content\/uploads\/2024\/11\/janonitos-770x470-1-768x469.jpeg 768w\" sizes=\"(max-width: 770px) 100vw, 770px\" \/><\/a><\/figure>\n","protected":false},"excerpt":{"rendered":"<p>El Instituto de Mercadeo Agropecuario (IMA), anunci\u00f3 un plan integral para la distribuci\u00f3n de cajas navide\u00f1as, con el objetivo de asegurar que las festividades de fin de a\u00f1o sean accesibles y seguras para todas las familias paname\u00f1as. El IMA presentar\u00e1 500 mil cajas, una por familia, que incluir\u00e1n productos esenciales y tradicionales para la celebraci\u00f3n [&hellip;]<\/p>\n","protected":false},"author":3,"featured_media":13223,"comment_status":"open","ping_status":"open","sticky":false,"template":"","format":"standard","meta":{"footnotes":""},"categories":[36,38],"tags":[],"class_list":["post-13222","post","type-post","status-publish","format-standard","has-post-thumbnail","hentry","category-nacionales","category-economia"],"_links":{"self":[{"href":"https:\/\/alminutonoticia.com\/noticias\/wp-json\/wp\/v2\/posts\/13222","targetHints":{"allow":["GET"]}}],"collection":[{"href":"https:\/\/alminutonoticia.com\/noticias\/wp-json\/wp\/v2\/posts"}],"about":[{"href":"https:\/\/alminutonoticia.com\/noticias\/wp-json\/wp\/v2\/types\/post"}],"author":[{"embeddable":true,"href":"https:\/\/alminutonoticia.com\/noticias\/wp-json\/wp\/v2\/users\/3"}],"replies":[{"embeddable":true,"href":"https:\/\/alminutonoticia.com\/noticias\/wp-json\/wp\/v2\/comments?post=13222"}],"version-history":[{"count":1,"href":"https:\/\/alminutonoticia.com\/noticias\/wp-json\/wp\/v2\/posts\/13222\/revisions"}],"predecessor-version":[{"id":13224,"href":"https:\/\/alminutonoticia.com\/noticias\/wp-json\/wp\/v2\/posts\/13222\/revisions\/13224"}],"wp:featuredmedia":[{"embeddable":true,"href":"https:\/\/alminutonoticia.com\/noticias\/wp-json\/wp\/v2\/media\/13223"}],"wp:attachment":[{"href":"https:\/\/alminutonoticia.com\/noticias\/wp-json\/wp\/v2\/media?parent=13222"}],"wp:term":[{"taxonomy":"category","embeddable":true,"href":"https:\/\/alminutonoticia.com\/noticias\/wp-json\/wp\/v2\/categories?post=13222"},{"taxonomy":"post_tag","embeddable":true,"href":"https:\/\/alminutonoticia.com\/noticias\/wp-json\/wp\/v2\/tags?post=13222"}],"curies":[{"name":"wp","href":"https:\/\/api.w.org\/{rel}","templated":true}]}}