{"id":1322,"date":"2023-02-24T12:43:07","date_gmt":"2023-02-24T12:43:07","guid":{"rendered":"https:\/\/alminutonoticia.com\/noticias\/?p=1322"},"modified":"2023-02-24T12:43:08","modified_gmt":"2023-02-24T12:43:08","slug":"tres-grupos-en-formacion-inician-camino-para-convertirse-en-cooperativas","status":"publish","type":"post","link":"https:\/\/alminutonoticia.com\/noticias\/tres-grupos-en-formacion-inician-camino-para-convertirse-en-cooperativas\/","title":{"rendered":"Tres grupos en formaci\u00f3n inician camino para convertirse en cooperativas"},"content":{"rendered":"\n<p>Tres grupos de residentes del distrito Omar Torrijos Herrera iniciaron la capacitaci\u00f3n que les permitir\u00e1 convertirse en nuevas cooperativas, que se dedicar\u00e1n a la cr\u00eda de b\u00fafalos y chivos, modister\u00eda y otra que ser\u00e1 integrada por familiares de personas con discapacidad.<\/p>\n\n\n\n<p>Se trata de m\u00e1s de 70 personas que ven en el cooperativismo una forma de trabajar de forma organizada y de mejorar sus ingresos.<\/p>\n\n\n\n<p>La asesora de la Direcci\u00f3n Ejecutiva del Instituto Paname\u00f1o Aut\u00f3nomo Cooperativo (IPACOOP), Rosaura Hinestroza, destac\u00f3 que se visualiz\u00f3 la conformaci\u00f3n de cooperativas en el distrito Omar Torrijos, de acuerdo con las ideas de negocios que tienen los grupos interesados.<\/p>\n\n\n\n<p>Mientras que el director provincial de Cocl\u00e9, Hilgan Alvarado, se\u00f1al\u00f3 que hay mucha motivaci\u00f3n en este sector del pa\u00eds, ya que se han creado cuatro cooperativas y otras cuatro podr\u00eda estarse conformando en los pr\u00f3ximos meses.<\/p>\n\n\n\n<p>El alcalde Eulalio Yang\u00fc\u00e9s tambi\u00e9n ha estado involucrado en este proceso y se\u00f1al\u00f3 que existe el inter\u00e9s de residentes del distrito de organizarse en empresas cooperativas para buscar el bien com\u00fan y el beneficio de la familia.<\/p>\n\n\n\n<p>Por su parte, Secundino Vergara, se\u00f1al\u00f3 que ellos forman parte de la Asociaci\u00f3n de Productores de B\u00fafalos, pero consideran que formando una cooperativa podr\u00e1n acceder con mayor facilidad a fondos y financiamientos para impulsar esta actividad.<\/p>\n\n\n\n<p>Mientras que B\u00e1rbara Garc\u00eda dijo que son un grupo de mujeres que decidieron llevar adelante una actividad que las visualizara como mujeres y familias y, adem\u00e1s que les gustara, como el caso de la modister\u00eda.<\/p>\n\n\n\n<figure class=\"wp-block-image size-full\"><a href=\"https:\/\/alminutonoticia.com\/noticias\/wp-content\/uploads\/2023\/02\/WhatsApp-Image-2023-02-22-at-3.38.44-PM-2.jpeg\"><img fetchpriority=\"high\" decoding=\"async\" width=\"1024\" height=\"683\" src=\"https:\/\/alminutonoticia.com\/noticias\/wp-content\/uploads\/2023\/02\/WhatsApp-Image-2023-02-22-at-3.38.44-PM-2.jpeg\" alt=\"\" class=\"wp-image-1323\" title=\"\" srcset=\"https:\/\/alminutonoticia.com\/noticias\/wp-content\/uploads\/2023\/02\/WhatsApp-Image-2023-02-22-at-3.38.44-PM-2.jpeg 1024w, https:\/\/alminutonoticia.com\/noticias\/wp-content\/uploads\/2023\/02\/WhatsApp-Image-2023-02-22-at-3.38.44-PM-2-300x200.jpeg 300w, https:\/\/alminutonoticia.com\/noticias\/wp-content\/uploads\/2023\/02\/WhatsApp-Image-2023-02-22-at-3.38.44-PM-2-768x512.jpeg 768w\" sizes=\"(max-width: 1024px) 100vw, 1024px\" \/><\/a><\/figure>\n\n\n\n<figure class=\"wp-block-image size-full\"><a href=\"https:\/\/alminutonoticia.com\/noticias\/wp-content\/uploads\/2023\/02\/WhatsApp-Image-2023-02-22-at-3.38.44-PM-1.jpeg\"><img decoding=\"async\" width=\"1024\" height=\"683\" src=\"https:\/\/alminutonoticia.com\/noticias\/wp-content\/uploads\/2023\/02\/WhatsApp-Image-2023-02-22-at-3.38.44-PM-1.jpeg\" alt=\"\" class=\"wp-image-1324\" title=\"\" srcset=\"https:\/\/alminutonoticia.com\/noticias\/wp-content\/uploads\/2023\/02\/WhatsApp-Image-2023-02-22-at-3.38.44-PM-1.jpeg 1024w, https:\/\/alminutonoticia.com\/noticias\/wp-content\/uploads\/2023\/02\/WhatsApp-Image-2023-02-22-at-3.38.44-PM-1-300x200.jpeg 300w, https:\/\/alminutonoticia.com\/noticias\/wp-content\/uploads\/2023\/02\/WhatsApp-Image-2023-02-22-at-3.38.44-PM-1-768x512.jpeg 768w\" sizes=\"(max-width: 1024px) 100vw, 1024px\" \/><\/a><\/figure>\n\n\n\n<figure class=\"wp-block-image size-full\"><a href=\"https:\/\/alminutonoticia.com\/noticias\/wp-content\/uploads\/2023\/02\/WhatsApp-Image-2023-02-22-at-3.38.44-PM.jpeg\"><img decoding=\"async\" width=\"1024\" height=\"683\" src=\"https:\/\/alminutonoticia.com\/noticias\/wp-content\/uploads\/2023\/02\/WhatsApp-Image-2023-02-22-at-3.38.44-PM.jpeg\" alt=\"\" class=\"wp-image-1325\" title=\"\" srcset=\"https:\/\/alminutonoticia.com\/noticias\/wp-content\/uploads\/2023\/02\/WhatsApp-Image-2023-02-22-at-3.38.44-PM.jpeg 1024w, https:\/\/alminutonoticia.com\/noticias\/wp-content\/uploads\/2023\/02\/WhatsApp-Image-2023-02-22-at-3.38.44-PM-300x200.jpeg 300w, https:\/\/alminutonoticia.com\/noticias\/wp-content\/uploads\/2023\/02\/WhatsApp-Image-2023-02-22-at-3.38.44-PM-768x512.jpeg 768w\" sizes=\"(max-width: 1024px) 100vw, 1024px\" \/><\/a><\/figure>\n","protected":false},"excerpt":{"rendered":"<p>Tres grupos de residentes del distrito Omar Torrijos Herrera iniciaron la capacitaci\u00f3n que les permitir\u00e1 convertirse en nuevas cooperativas, que se dedicar\u00e1n a la cr\u00eda de b\u00fafalos y chivos, modister\u00eda y otra que ser\u00e1 integrada por familiares de personas con discapacidad. Se trata de m\u00e1s de 70 personas que ven en el cooperativismo una forma [&hellip;]<\/p>\n","protected":false},"author":3,"featured_media":1323,"comment_status":"open","ping_status":"open","sticky":false,"template":"","format":"standard","meta":{"footnotes":""},"categories":[38,36],"tags":[],"class_list":["post-1322","post","type-post","status-publish","format-standard","has-post-thumbnail","hentry","category-economia","category-nacionales"],"_links":{"self":[{"href":"https:\/\/alminutonoticia.com\/noticias\/wp-json\/wp\/v2\/posts\/1322","targetHints":{"allow":["GET"]}}],"collection":[{"href":"https:\/\/alminutonoticia.com\/noticias\/wp-json\/wp\/v2\/posts"}],"about":[{"href":"https:\/\/alminutonoticia.com\/noticias\/wp-json\/wp\/v2\/types\/post"}],"author":[{"embeddable":true,"href":"https:\/\/alminutonoticia.com\/noticias\/wp-json\/wp\/v2\/users\/3"}],"replies":[{"embeddable":true,"href":"https:\/\/alminutonoticia.com\/noticias\/wp-json\/wp\/v2\/comments?post=1322"}],"version-history":[{"count":1,"href":"https:\/\/alminutonoticia.com\/noticias\/wp-json\/wp\/v2\/posts\/1322\/revisions"}],"predecessor-version":[{"id":1326,"href":"https:\/\/alminutonoticia.com\/noticias\/wp-json\/wp\/v2\/posts\/1322\/revisions\/1326"}],"wp:featuredmedia":[{"embeddable":true,"href":"https:\/\/alminutonoticia.com\/noticias\/wp-json\/wp\/v2\/media\/1323"}],"wp:attachment":[{"href":"https:\/\/alminutonoticia.com\/noticias\/wp-json\/wp\/v2\/media?parent=1322"}],"wp:term":[{"taxonomy":"category","embeddable":true,"href":"https:\/\/alminutonoticia.com\/noticias\/wp-json\/wp\/v2\/categories?post=1322"},{"taxonomy":"post_tag","embeddable":true,"href":"https:\/\/alminutonoticia.com\/noticias\/wp-json\/wp\/v2\/tags?post=1322"}],"curies":[{"name":"wp","href":"https:\/\/api.w.org\/{rel}","templated":true}]}}