{"id":13216,"date":"2024-11-27T21:42:05","date_gmt":"2024-11-27T21:42:05","guid":{"rendered":"https:\/\/alminutonoticia.com\/noticias\/?p=13216"},"modified":"2024-11-27T21:42:07","modified_gmt":"2024-11-27T21:42:07","slug":"abdiel-antonio-gutierrez-nuevo-director-de-comunicaciones-de-la-css","status":"publish","type":"post","link":"https:\/\/alminutonoticia.com\/noticias\/abdiel-antonio-gutierrez-nuevo-director-de-comunicaciones-de-la-css\/","title":{"rendered":"Abdiel Antonio Guti\u00e9rrez nuevo director de comunicaciones de la CSS"},"content":{"rendered":"\n<p>Este 27 de noviembre el periodista Abdiel Antonio Guti\u00e9rrez asumi\u00f3 el cargo de director de Comunicaciones de la Caja de Seguro Social (CSS).<\/p>\n\n\n\n<p>Guti\u00e9rrez con m\u00e1s de 30 a\u00f1os de experiencia en el \u00e1rea de las comunicaciones ha sido reportero y presentador de televisi\u00f3n, y vicepresidente de comunicaciones en el Canal de Panam\u00e1 y Cable &amp; Wireless.<\/p>\n\n\n\n<p>El periodista reemplaza a Susan Elizabeth Castillo quien renunci\u00f3 a ese cargo semanas despu\u00e9s de asumirlo.<\/p>\n\n\n\n<figure class=\"wp-block-image size-full\"><a href=\"https:\/\/alminutonoticia.com\/noticias\/wp-content\/uploads\/2024\/11\/abdiel-1-770x470-1.jpeg\"><img fetchpriority=\"high\" decoding=\"async\" width=\"770\" height=\"470\" src=\"https:\/\/alminutonoticia.com\/noticias\/wp-content\/uploads\/2024\/11\/abdiel-1-770x470-1.jpeg\" alt=\"\" class=\"wp-image-13217\" title=\"\" srcset=\"https:\/\/alminutonoticia.com\/noticias\/wp-content\/uploads\/2024\/11\/abdiel-1-770x470-1.jpeg 770w, https:\/\/alminutonoticia.com\/noticias\/wp-content\/uploads\/2024\/11\/abdiel-1-770x470-1-300x183.jpeg 300w, https:\/\/alminutonoticia.com\/noticias\/wp-content\/uploads\/2024\/11\/abdiel-1-770x470-1-768x469.jpeg 768w\" sizes=\"(max-width: 770px) 100vw, 770px\" \/><\/a><\/figure>\n","protected":false},"excerpt":{"rendered":"<p>Este 27 de noviembre el periodista Abdiel Antonio Guti\u00e9rrez asumi\u00f3 el cargo de director de Comunicaciones de la Caja de Seguro Social (CSS). Guti\u00e9rrez con m\u00e1s de 30 a\u00f1os de experiencia en el \u00e1rea de las comunicaciones ha sido reportero y presentador de televisi\u00f3n, y vicepresidente de comunicaciones en el Canal de Panam\u00e1 y Cable [&hellip;]<\/p>\n","protected":false},"author":3,"featured_media":13217,"comment_status":"open","ping_status":"open","sticky":false,"template":"","format":"standard","meta":{"footnotes":""},"categories":[36],"tags":[],"class_list":["post-13216","post","type-post","status-publish","format-standard","has-post-thumbnail","hentry","category-nacionales"],"_links":{"self":[{"href":"https:\/\/alminutonoticia.com\/noticias\/wp-json\/wp\/v2\/posts\/13216","targetHints":{"allow":["GET"]}}],"collection":[{"href":"https:\/\/alminutonoticia.com\/noticias\/wp-json\/wp\/v2\/posts"}],"about":[{"href":"https:\/\/alminutonoticia.com\/noticias\/wp-json\/wp\/v2\/types\/post"}],"author":[{"embeddable":true,"href":"https:\/\/alminutonoticia.com\/noticias\/wp-json\/wp\/v2\/users\/3"}],"replies":[{"embeddable":true,"href":"https:\/\/alminutonoticia.com\/noticias\/wp-json\/wp\/v2\/comments?post=13216"}],"version-history":[{"count":1,"href":"https:\/\/alminutonoticia.com\/noticias\/wp-json\/wp\/v2\/posts\/13216\/revisions"}],"predecessor-version":[{"id":13218,"href":"https:\/\/alminutonoticia.com\/noticias\/wp-json\/wp\/v2\/posts\/13216\/revisions\/13218"}],"wp:featuredmedia":[{"embeddable":true,"href":"https:\/\/alminutonoticia.com\/noticias\/wp-json\/wp\/v2\/media\/13217"}],"wp:attachment":[{"href":"https:\/\/alminutonoticia.com\/noticias\/wp-json\/wp\/v2\/media?parent=13216"}],"wp:term":[{"taxonomy":"category","embeddable":true,"href":"https:\/\/alminutonoticia.com\/noticias\/wp-json\/wp\/v2\/categories?post=13216"},{"taxonomy":"post_tag","embeddable":true,"href":"https:\/\/alminutonoticia.com\/noticias\/wp-json\/wp\/v2\/tags?post=13216"}],"curies":[{"name":"wp","href":"https:\/\/api.w.org\/{rel}","templated":true}]}}