{"id":13213,"date":"2024-11-27T21:39:28","date_gmt":"2024-11-27T21:39:28","guid":{"rendered":"https:\/\/alminutonoticia.com\/noticias\/?p=13213"},"modified":"2024-11-27T21:39:30","modified_gmt":"2024-11-27T21:39:30","slug":"aprehenden-a-una-mujer-por-presunto-maltrato-a-su-bebe-de-seis-meses","status":"publish","type":"post","link":"https:\/\/alminutonoticia.com\/noticias\/aprehenden-a-una-mujer-por-presunto-maltrato-a-su-bebe-de-seis-meses\/","title":{"rendered":"Aprehenden a una mujer por presunto maltrato a su beb\u00e9 de seis meses"},"content":{"rendered":"\n<p>Una mujer fue aprehendida en la provincia de Bocas del Toro por la presunta comisi\u00f3n del delito Contra el Orden Jur\u00eddico, Familiar y el Estado Civil en su modalidad de Maltrato al Menor.<\/p>\n\n\n\n<p>La aprehensi\u00f3n surge tras una denuncia por maltrato a un infante de 6 meses, quien figura como hijo de la supuesta agresora, por lo que es conducida ante las autoridades judiciales para su tr\u00e1mite.<\/p>\n\n\n\n<p>Se espera que en las pr\u00f3ximas horas que sea llevada ante un Juez de Garant\u00eda.<\/p>\n\n\n\n<figure class=\"wp-block-image size-full\"><a href=\"https:\/\/alminutonoticia.com\/noticias\/wp-content\/uploads\/2024\/11\/aceites-770x470-1.jpg\"><img fetchpriority=\"high\" decoding=\"async\" width=\"770\" height=\"470\" src=\"https:\/\/alminutonoticia.com\/noticias\/wp-content\/uploads\/2024\/11\/aceites-770x470-1.jpg\" alt=\"\" class=\"wp-image-13214\" title=\"\" srcset=\"https:\/\/alminutonoticia.com\/noticias\/wp-content\/uploads\/2024\/11\/aceites-770x470-1.jpg 770w, https:\/\/alminutonoticia.com\/noticias\/wp-content\/uploads\/2024\/11\/aceites-770x470-1-300x183.jpg 300w, https:\/\/alminutonoticia.com\/noticias\/wp-content\/uploads\/2024\/11\/aceites-770x470-1-768x469.jpg 768w\" sizes=\"(max-width: 770px) 100vw, 770px\" \/><\/a><\/figure>\n","protected":false},"excerpt":{"rendered":"<p>Una mujer fue aprehendida en la provincia de Bocas del Toro por la presunta comisi\u00f3n del delito Contra el Orden Jur\u00eddico, Familiar y el Estado Civil en su modalidad de Maltrato al Menor. La aprehensi\u00f3n surge tras una denuncia por maltrato a un infante de 6 meses, quien figura como hijo de la supuesta agresora, [&hellip;]<\/p>\n","protected":false},"author":3,"featured_media":13214,"comment_status":"open","ping_status":"open","sticky":false,"template":"","format":"standard","meta":{"footnotes":""},"categories":[36],"tags":[],"class_list":["post-13213","post","type-post","status-publish","format-standard","has-post-thumbnail","hentry","category-nacionales"],"_links":{"self":[{"href":"https:\/\/alminutonoticia.com\/noticias\/wp-json\/wp\/v2\/posts\/13213","targetHints":{"allow":["GET"]}}],"collection":[{"href":"https:\/\/alminutonoticia.com\/noticias\/wp-json\/wp\/v2\/posts"}],"about":[{"href":"https:\/\/alminutonoticia.com\/noticias\/wp-json\/wp\/v2\/types\/post"}],"author":[{"embeddable":true,"href":"https:\/\/alminutonoticia.com\/noticias\/wp-json\/wp\/v2\/users\/3"}],"replies":[{"embeddable":true,"href":"https:\/\/alminutonoticia.com\/noticias\/wp-json\/wp\/v2\/comments?post=13213"}],"version-history":[{"count":1,"href":"https:\/\/alminutonoticia.com\/noticias\/wp-json\/wp\/v2\/posts\/13213\/revisions"}],"predecessor-version":[{"id":13215,"href":"https:\/\/alminutonoticia.com\/noticias\/wp-json\/wp\/v2\/posts\/13213\/revisions\/13215"}],"wp:featuredmedia":[{"embeddable":true,"href":"https:\/\/alminutonoticia.com\/noticias\/wp-json\/wp\/v2\/media\/13214"}],"wp:attachment":[{"href":"https:\/\/alminutonoticia.com\/noticias\/wp-json\/wp\/v2\/media?parent=13213"}],"wp:term":[{"taxonomy":"category","embeddable":true,"href":"https:\/\/alminutonoticia.com\/noticias\/wp-json\/wp\/v2\/categories?post=13213"},{"taxonomy":"post_tag","embeddable":true,"href":"https:\/\/alminutonoticia.com\/noticias\/wp-json\/wp\/v2\/tags?post=13213"}],"curies":[{"name":"wp","href":"https:\/\/api.w.org\/{rel}","templated":true}]}}