{"id":13207,"date":"2024-11-27T21:37:13","date_gmt":"2024-11-27T21:37:13","guid":{"rendered":"https:\/\/alminutonoticia.com\/noticias\/?p=13207"},"modified":"2024-11-27T21:37:15","modified_gmt":"2024-11-27T21:37:15","slug":"gabinete-designa-a-lina-castro-de-leon-magistrada-suplente-de-la-sala-primera-de-lo-civil-de-la-csj","status":"publish","type":"post","link":"https:\/\/alminutonoticia.com\/noticias\/gabinete-designa-a-lina-castro-de-leon-magistrada-suplente-de-la-sala-primera-de-lo-civil-de-la-csj\/","title":{"rendered":"Gabinete designa a Lina Castro de Le\u00f3n magistrada suplente de la Sala Primera de lo Civil de la CSJ"},"content":{"rendered":"\n<p>El Consejo de Gabinete aprob\u00f3 este martes la Resoluci\u00f3n de Gabinete No.137-24, por la cual se acuerda el nombramiento de Lina Elisa Castro de Le\u00f3n como magistrada suplente de \u00c1ngela Russo Mainieri de Cede\u00f1o, en la Sala Primera de lo Civil de la Corte Suprema de Justicia, por el resto del periodo que finaliza el 31 de diciembre de 2025.<\/p>\n\n\n\n<p>Esta resoluci\u00f3n de Gabinete ser\u00e1 sometida a la consideraci\u00f3n de la Asamblea Nacional, a fin de cumplir con lo establecido en el art\u00edculo 203 de la Constituci\u00f3n Pol\u00edtica de la Rep\u00fablica.<\/p>\n\n\n\n<p>Esta posici\u00f3n se manten\u00eda sin ser ocupada desde abril de 2024, cuando se hab\u00eda designado a Katia Di Bello como magistrada suplente de Russo, pero no fue ratificada por la Asamblea Nacional.<\/p>\n\n\n\n<p>Castro de Le\u00f3n actualmente es jueza y ha ejercido una extensa carrera dentro del sistema judicial. Posee una licenciatura en Derecho y Ciencias Pol\u00edticas de la Facultad de Derecho de la Universidad de Panam\u00e1, as\u00ed como una maestr\u00eda en Desarrollo del Sector Mar\u00edtimo.<\/p>\n\n\n\n<figure class=\"wp-block-image size-full\"><a href=\"https:\/\/alminutonoticia.com\/noticias\/wp-content\/uploads\/2024\/11\/lina-castro-770x470-1.jpeg\"><img fetchpriority=\"high\" decoding=\"async\" width=\"770\" height=\"470\" src=\"https:\/\/alminutonoticia.com\/noticias\/wp-content\/uploads\/2024\/11\/lina-castro-770x470-1.jpeg\" alt=\"\" class=\"wp-image-13208\" title=\"\" srcset=\"https:\/\/alminutonoticia.com\/noticias\/wp-content\/uploads\/2024\/11\/lina-castro-770x470-1.jpeg 770w, https:\/\/alminutonoticia.com\/noticias\/wp-content\/uploads\/2024\/11\/lina-castro-770x470-1-300x183.jpeg 300w, https:\/\/alminutonoticia.com\/noticias\/wp-content\/uploads\/2024\/11\/lina-castro-770x470-1-768x469.jpeg 768w\" sizes=\"(max-width: 770px) 100vw, 770px\" \/><\/a><\/figure>\n","protected":false},"excerpt":{"rendered":"<p>El Consejo de Gabinete aprob\u00f3 este martes la Resoluci\u00f3n de Gabinete No.137-24, por la cual se acuerda el nombramiento de Lina Elisa Castro de Le\u00f3n como magistrada suplente de \u00c1ngela Russo Mainieri de Cede\u00f1o, en la Sala Primera de lo Civil de la Corte Suprema de Justicia, por el resto del periodo que finaliza el [&hellip;]<\/p>\n","protected":false},"author":3,"featured_media":13208,"comment_status":"open","ping_status":"open","sticky":false,"template":"","format":"standard","meta":{"footnotes":""},"categories":[36],"tags":[],"class_list":["post-13207","post","type-post","status-publish","format-standard","has-post-thumbnail","hentry","category-nacionales"],"_links":{"self":[{"href":"https:\/\/alminutonoticia.com\/noticias\/wp-json\/wp\/v2\/posts\/13207","targetHints":{"allow":["GET"]}}],"collection":[{"href":"https:\/\/alminutonoticia.com\/noticias\/wp-json\/wp\/v2\/posts"}],"about":[{"href":"https:\/\/alminutonoticia.com\/noticias\/wp-json\/wp\/v2\/types\/post"}],"author":[{"embeddable":true,"href":"https:\/\/alminutonoticia.com\/noticias\/wp-json\/wp\/v2\/users\/3"}],"replies":[{"embeddable":true,"href":"https:\/\/alminutonoticia.com\/noticias\/wp-json\/wp\/v2\/comments?post=13207"}],"version-history":[{"count":1,"href":"https:\/\/alminutonoticia.com\/noticias\/wp-json\/wp\/v2\/posts\/13207\/revisions"}],"predecessor-version":[{"id":13209,"href":"https:\/\/alminutonoticia.com\/noticias\/wp-json\/wp\/v2\/posts\/13207\/revisions\/13209"}],"wp:featuredmedia":[{"embeddable":true,"href":"https:\/\/alminutonoticia.com\/noticias\/wp-json\/wp\/v2\/media\/13208"}],"wp:attachment":[{"href":"https:\/\/alminutonoticia.com\/noticias\/wp-json\/wp\/v2\/media?parent=13207"}],"wp:term":[{"taxonomy":"category","embeddable":true,"href":"https:\/\/alminutonoticia.com\/noticias\/wp-json\/wp\/v2\/categories?post=13207"},{"taxonomy":"post_tag","embeddable":true,"href":"https:\/\/alminutonoticia.com\/noticias\/wp-json\/wp\/v2\/tags?post=13207"}],"curies":[{"name":"wp","href":"https:\/\/api.w.org\/{rel}","templated":true}]}}