{"id":13204,"date":"2024-11-27T21:35:43","date_gmt":"2024-11-27T21:35:43","guid":{"rendered":"https:\/\/alminutonoticia.com\/noticias\/?p=13204"},"modified":"2024-11-27T21:35:46","modified_gmt":"2024-11-27T21:35:46","slug":"carlos-afu-no-hay-presion-por-parte-del-ejecutivo-para-aprobar-las-reformas","status":"publish","type":"post","link":"https:\/\/alminutonoticia.com\/noticias\/carlos-afu-no-hay-presion-por-parte-del-ejecutivo-para-aprobar-las-reformas\/","title":{"rendered":"Carlos Af\u00fa: \u2018No hay presi\u00f3n por parte del Ejecutivo para aprobar las reformas\u2019"},"content":{"rendered":"\n<p>Luego de una reuni\u00f3n realizada en la ma\u00f1ana de este martes 26 de noviembre, con el presidente de la Rep\u00fablica, Jos\u00e9 Ra\u00fal Mulino, el secretario de la Comisi\u00f3n de Trabajo, Salud y Desarrollo Social, diputado Carlos Af\u00fa, inform\u00f3 que no hay presi\u00f3n por parte del Ejecutivo para aprobar las reformas antes de que culminen las sesiones extraordinarias.<\/p>\n\n\n\n<p>De acuerdo con el diputado Af\u00fa, la reuni\u00f3n fue productiva, y en ella le manifestaron que hay algunos art\u00edculos que necesitan ser analizados y modificados, por lo que, el presidente les solicit\u00f3 que hicieran lo humanamente posible para sacar esta ley de la mejor manera.<\/p>\n\n\n\n<p>Igualmente, indic\u00f3 que se les plante\u00f3 la necesidad de que Asamblea y Ejecutivo se pongan de acuerdo para que ya se vaya dando forma a lo que se quiere lograr con esta propuesta de ley.<\/p>\n\n\n\n<p>\u201cEncontr\u00e9 un presidente muy abierto, que s\u00ed manifest\u00f3 que no va a retirar el proyecto; sin embargo, nos da la oportunidad de que hagamos las reformas que haya que hacer, conjuntamente con el Ejecutivo, para sacar una ley importante\u201d, puntualiz\u00f3 el diputado Af\u00fa.<\/p>\n\n\n\n<p>En ese sentido, se\u00f1al\u00f3 que esta instancia legislativa ha tomado la decisi\u00f3n de que se comience a trabajar con lo que ya tienen para ir avanzando, de tal forma que al inicio del primer debate ya tengan listas las modificaciones de estos art\u00edculos.<\/p>\n\n\n\n<p>\u201cCuando entre el primer debate, tenemos que tener bien claro con lo que se ha recogido durante estas consultas y que nos den la oportunidad de que se pueda resolver el problema que tenemos en la CSS\u201d.<\/p>\n\n\n\n<p>Expres\u00f3 que lo que se est\u00e1 buscando es trabajar principalmente para ayudar a la juventud paname\u00f1a, para que tengan la oportunidad de optar por su jubilaci\u00f3n.<\/p>\n\n\n\n<p>El proyecto de ley 163 modifica, adiciona y deroga art\u00edculos de la Ley 51 de 27 de diciembre de 2005, que reforma la Ley Org\u00e1nica de la Caja de Seguro Social (CSS), y dicta otras disposiciones, se encuentra en periodo de consultas ciudadanas y, en su noveno d\u00eda, contempla la participaci\u00f3n de 40 personas, pertenecientes a asociaciones estudiantiles, profesionales del derecho y ciudadan\u00eda en general.<\/p>\n\n\n\n<figure class=\"wp-block-image size-full\"><a href=\"https:\/\/alminutonoticia.com\/noticias\/wp-content\/uploads\/2024\/11\/afu-770x470-1.jpg\"><img fetchpriority=\"high\" decoding=\"async\" width=\"770\" height=\"470\" src=\"https:\/\/alminutonoticia.com\/noticias\/wp-content\/uploads\/2024\/11\/afu-770x470-1.jpg\" alt=\"\" class=\"wp-image-13205\" title=\"\" srcset=\"https:\/\/alminutonoticia.com\/noticias\/wp-content\/uploads\/2024\/11\/afu-770x470-1.jpg 770w, https:\/\/alminutonoticia.com\/noticias\/wp-content\/uploads\/2024\/11\/afu-770x470-1-300x183.jpg 300w, https:\/\/alminutonoticia.com\/noticias\/wp-content\/uploads\/2024\/11\/afu-770x470-1-768x469.jpg 768w\" sizes=\"(max-width: 770px) 100vw, 770px\" \/><\/a><\/figure>\n","protected":false},"excerpt":{"rendered":"<p>Luego de una reuni\u00f3n realizada en la ma\u00f1ana de este martes 26 de noviembre, con el presidente de la Rep\u00fablica, Jos\u00e9 Ra\u00fal Mulino, el secretario de la Comisi\u00f3n de Trabajo, Salud y Desarrollo Social, diputado Carlos Af\u00fa, inform\u00f3 que no hay presi\u00f3n por parte del Ejecutivo para aprobar las reformas antes de que culminen las [&hellip;]<\/p>\n","protected":false},"author":3,"featured_media":13205,"comment_status":"open","ping_status":"open","sticky":false,"template":"","format":"standard","meta":{"footnotes":""},"categories":[36],"tags":[],"class_list":["post-13204","post","type-post","status-publish","format-standard","has-post-thumbnail","hentry","category-nacionales"],"_links":{"self":[{"href":"https:\/\/alminutonoticia.com\/noticias\/wp-json\/wp\/v2\/posts\/13204","targetHints":{"allow":["GET"]}}],"collection":[{"href":"https:\/\/alminutonoticia.com\/noticias\/wp-json\/wp\/v2\/posts"}],"about":[{"href":"https:\/\/alminutonoticia.com\/noticias\/wp-json\/wp\/v2\/types\/post"}],"author":[{"embeddable":true,"href":"https:\/\/alminutonoticia.com\/noticias\/wp-json\/wp\/v2\/users\/3"}],"replies":[{"embeddable":true,"href":"https:\/\/alminutonoticia.com\/noticias\/wp-json\/wp\/v2\/comments?post=13204"}],"version-history":[{"count":1,"href":"https:\/\/alminutonoticia.com\/noticias\/wp-json\/wp\/v2\/posts\/13204\/revisions"}],"predecessor-version":[{"id":13206,"href":"https:\/\/alminutonoticia.com\/noticias\/wp-json\/wp\/v2\/posts\/13204\/revisions\/13206"}],"wp:featuredmedia":[{"embeddable":true,"href":"https:\/\/alminutonoticia.com\/noticias\/wp-json\/wp\/v2\/media\/13205"}],"wp:attachment":[{"href":"https:\/\/alminutonoticia.com\/noticias\/wp-json\/wp\/v2\/media?parent=13204"}],"wp:term":[{"taxonomy":"category","embeddable":true,"href":"https:\/\/alminutonoticia.com\/noticias\/wp-json\/wp\/v2\/categories?post=13204"},{"taxonomy":"post_tag","embeddable":true,"href":"https:\/\/alminutonoticia.com\/noticias\/wp-json\/wp\/v2\/tags?post=13204"}],"curies":[{"name":"wp","href":"https:\/\/api.w.org\/{rel}","templated":true}]}}