{"id":13198,"date":"2024-11-27T21:33:16","date_gmt":"2024-11-27T21:33:16","guid":{"rendered":"https:\/\/alminutonoticia.com\/noticias\/?p=13198"},"modified":"2024-11-27T21:33:19","modified_gmt":"2024-11-27T21:33:19","slug":"hechos-del-canal-la-campana-que-celebra-el-orgullo-y-compromiso-de-sostenibilidad-del-canal-de-panama","status":"publish","type":"post","link":"https:\/\/alminutonoticia.com\/noticias\/hechos-del-canal-la-campana-que-celebra-el-orgullo-y-compromiso-de-sostenibilidad-del-canal-de-panama\/","title":{"rendered":"\u2018Hechos del Canal\u2019: la campa\u00f1a que celebra el orgullo y compromiso de sostenibilidad del Canal de Panam\u00e1"},"content":{"rendered":"\n<p>Con motivo de los 25 a\u00f1os de la transferencia de la v\u00eda acu\u00e1tica a manos paname\u00f1as, el Canal de Panam\u00e1 present\u00f3 una campa\u00f1a de celebraci\u00f3n bajo el lema \u00abHechos del Canal\u00bb. Esta iniciativa rinde homenaje a la historia, logros y desaf\u00edos del Canal de Panam\u00e1, resaltando su importancia como motor de desarrollo y s\u00edmbolo de la identidad nacional.<\/p>\n\n\n\n<p>En este sentido, la campa\u00f1a conmemora un cuarto de siglo desde la transferencia del Canal de Panam\u00e1 a la administraci\u00f3n paname\u00f1a, un hito hist\u00f3rico que tras una ardua lucha diplom\u00e1tica y social permiti\u00f3 a los paname\u00f1os asumir la gesti\u00f3n de esta infraestructura esencial para el Canal comercio mundial. A lo largo de estos 25 a\u00f1os, el Canal ha operado con \u00e9xito y eficiencia, siendo un ejemplo de profesionalismo y capacidad de adaptaci\u00f3n a los cambios del mundo moderno.<\/p>\n\n\n\n<p>La campa\u00f1a tambi\u00e9n destaca la visi\u00f3n de futuro del Canal de Panam\u00e1 con un enfoque hacia la sostenibilidad y la innovaci\u00f3n, con el objetivo de mantener al Canal como un eje de crecimiento econ\u00f3mico para Panam\u00e1 y el mundo.<\/p>\n\n\n\n<p><strong>Un a\u00f1o de celebraciones<\/strong><\/p>\n\n\n\n<p>Durante el 2025, el Canal de Panam\u00e1 llevar\u00e1 a cabo diversas actividades para celebrar con los paname\u00f1os los 25 a\u00f1os de administraci\u00f3n exitosa de la v\u00eda acu\u00e1tica. Entre las actividades previstas se incluyen:<\/p>\n\n\n\n<ul class=\"wp-block-list\">\n<li>La exhibici\u00f3n de \u00abHechos del Canal\u00bb, que ser\u00e1 el 2 de diciembre en el Museo del Canal Interoce\u00e1nico.<\/li>\n\n\n\n<li>Producci\u00f3n y transmisi\u00f3n de documental \u00abLa gesta del Canal\u00bb, que ser\u00e1 el 26 de diciembre en medios televisivos.<\/li>\n\n\n\n<li>Ceremonia protocolar de los 25 a\u00f1os de administraci\u00f3n paname\u00f1a, a realizarse el 31 de diciembre a las 7:00 a. m. en el edificio de la Administraci\u00f3n del Canal.<\/li>\n\n\n\n<li>Verano Canal: Como es tradici\u00f3n, el esperado concierto del Verano Canal 2025 se realizar\u00e1 en la ciudad de Panam\u00e1 el 21, 22 y 23 de febrero, en las escalinatas del edificio de la Administraci\u00f3n del Canal. Adem\u00e1s, por primera vez Verano Canal 2025 tambi\u00e9n se celebrar\u00e1 en Chiriqu\u00ed (terrenos de la Feria de David), los d\u00edas 31 de enero, 1 y 2 de febrero; y en Santiago de Veraguas en los estacionamientos de Santiago Mall, el 17, 18 y 19 de enero.<\/li>\n\n\n\n<li>Lanzamiento de un libro de figuritas coleccionables.<\/li>\n\n\n\n<li>Giras de Casa Espacio Canal en distintas provincias del pa\u00eds.<\/li>\n\n\n\n<li>Participaci\u00f3n en las principales ferias nacionales, entre otras.<\/li>\n<\/ul>\n\n\n\n<p><strong>Un Canal que impacta al mundo<\/strong><\/p>\n\n\n\n<p>A lo largo de sus m\u00e1s de 110 a\u00f1os de existencia, el Canal de Panam\u00e1 ha sido una de las rutas comerciales m\u00e1s importantes del mundo, conectando continentes y facilitando el comercio global. En su 25 aniversario bajo la administraci\u00f3n paname\u00f1a, el Canal reafirma su compromiso con el futuro, con un enfoque en la sostenibilidad, eficiencia operativa y la innovaci\u00f3n.<\/p>\n\n\n\n<p>Durante el acto de presentaci\u00f3n de la campa\u00f1a y las actividades sociales para conmemorar esta fecha, se destac\u00f3 el aporte de las personas que trabajaron en la transici\u00f3n a Panam\u00e1, as\u00ed como aquellos que han enfrentado los retos actuales del Canal.<\/p>\n\n\n\n<p>El administrador del Canal de Panam\u00e1, Ricaurte V\u00e1squez Morales, subray\u00f3 el compromiso con la sostenibilidad y el futuro de esta vital ruta interoce\u00e1nica. \u00abEl sentido de esta celebraci\u00f3n marca un compromiso de parte del Canal con el pa\u00eds, con nuestros clientes y con la industria mar\u00edtima, mostrando de qu\u00e9 estamos hechos los paname\u00f1os. La excelencia ha sido y ser\u00e1 siempre un legado del Canal al pa\u00eds y al mundo\u00bb, destac\u00f3 V\u00e1squez Morales.<\/p>\n\n\n\n<p>Por otro lado, la subadministradora Ilya Espino de Marotta destac\u00f3 el gran compromiso del Canal y su gente con la excelencia en la industria mar\u00edtima. \u00abEl Canal de Panam\u00e1 es mucho m\u00e1s que una v\u00eda de navegaci\u00f3n; es un legado de esfuerzo y unidad que refleja la capacidad de un pa\u00eds para transformar su historia y proyectar su grandeza hacia el futuro. Hoy, 25 a\u00f1os despu\u00e9s de su traspaso a manos paname\u00f1as, el Canal no solo conecta oc\u00e9anos, sino tambi\u00e9n corazones, y es un emblema de sostenibilidad, equidad y progreso para las generaciones venideras\u00bb, dijo la subadministradora Espino.<\/p>\n\n\n\n<p>Por su parte, el ministro para Asuntos del Canal, Jos\u00e9 Ram\u00f3n Icaza, reiter\u00f3 la importancia del Canal tanto para el pa\u00eds como para el mundo. \u00abEl Canal de Panam\u00e1 es m\u00e1s que una maravilla de la ingenier\u00eda moderna; representa un s\u00edmbolo vivo de nuestra soberan\u00eda, de nuestro esfuerzo colectivo y de nuestra capacidad para so\u00f1ar y construir un futuro. Hoy, 25 a\u00f1os despu\u00e9s, celebramos un legado que sigue demostrando, no solo su importancia estrat\u00e9gica, sino tambi\u00e9n su compromiso con la sostenibilidad y el bienestar de Panam\u00e1 y el mundo\u00bb, resalt\u00f3 Icaza.<\/p>\n\n\n\n<p>La campa\u00f1a \u00abHechos del Canal\u00bb busca inspirar a todos los paname\u00f1os, record\u00e1ndoles que el Canal es una parte fundamental de nuestra historia, nuestro presente y nuestro futuro. Con su lema, la campa\u00f1a pone de manifiesto los logros de un pueblo unido que a lo largo de 25 a\u00f1os ha demostrado al mundo la capacidad de los paname\u00f1os para administrar su principal activo con \u00e9xito. As\u00ed, con la mirada puesta en el futuro, Panam\u00e1 avanza con determinaci\u00f3n hacia una era de sostenibilidad y prosperidad.<\/p>\n\n\n\n<p><strong>Mensajes principales de la campa\u00f1a<\/strong><\/p>\n\n\n\n<p>La campa\u00f1a presentar\u00e1 de forma art\u00edstica una compilaci\u00f3n de momentos que reflejan el aporte del Canal para el pa\u00eds, desde su rica historia, los desaf\u00edos y las proyecciones futuras, enmarc\u00e1ndola en 5 \u00e1reas:<\/p>\n\n\n\n<ul class=\"wp-block-list\">\n<li><strong>Celebrando la identidad y cultura paname\u00f1a:\u00a0<\/strong>El Canal es mucho m\u00e1s que una v\u00eda interoce\u00e1nica, es un s\u00edmbolo de la identidad paname\u00f1a que refleja el esp\u00edritu de lucha, unidad y determinaci\u00f3n que caracteriza a nuestra naci\u00f3n.<\/li>\n\n\n\n<li><strong>El Canal como pilar del desarrollo econ\u00f3mico:\u00a0<\/strong>En estos 25 a\u00f1os de administraci\u00f3n paname\u00f1a, el Canal ha sido un motor clave para el progreso econ\u00f3mico del pa\u00eds, generando miles de empleos y contribuyendo significativamente al crecimiento de la econom\u00eda nacional.<\/li>\n\n\n\n<li><strong>Un legado de sostenibilidad:\u00a0<\/strong>El Canal de Panam\u00e1 enfrenta los desaf\u00edos del futuro con un firme compromiso hacia la sostenibilidad. La visi\u00f3n del Canal es garantizar que la v\u00eda acu\u00e1tica contin\u00fae siendo una fuente de prosperidad para las generaciones venideras.<\/li>\n\n\n\n<li><strong>Resaltando la fuerza laboral y el capital humano:\u00a0<\/strong>El \u00e9xito de la operaci\u00f3n del Canal se debe al trabajo y dedicaci\u00f3n de sus 8,500 empleados, quienes a lo largo de estos a\u00f1os han demostrado el talento, la capacidad y el compromiso del capital humano paname\u00f1o.<\/li>\n\n\n\n<li><strong>Hacia el Canal del futuro:\u00a0<\/strong>La visi\u00f3n del Canal de Panam\u00e1 se orienta hacia la innovaci\u00f3n y adaptaci\u00f3n para enfrentar los retos venideros, asegurando que se mantenga a la vanguardia de la eficiencia y sostenibilidad, protegiendo su legado y mirando hacia los pr\u00f3ximos 100 a\u00f1os.<\/li>\n<\/ul>\n\n\n\n<figure class=\"wp-block-image size-full\"><a href=\"https:\/\/alminutonoticia.com\/noticias\/wp-content\/uploads\/2024\/11\/Hechos-del-Canal_35-AC-1024x683-2-770x470-1.jpg\"><img fetchpriority=\"high\" decoding=\"async\" width=\"770\" height=\"470\" src=\"https:\/\/alminutonoticia.com\/noticias\/wp-content\/uploads\/2024\/11\/Hechos-del-Canal_35-AC-1024x683-2-770x470-1.jpg\" alt=\"\" class=\"wp-image-13199\" title=\"\" srcset=\"https:\/\/alminutonoticia.com\/noticias\/wp-content\/uploads\/2024\/11\/Hechos-del-Canal_35-AC-1024x683-2-770x470-1.jpg 770w, https:\/\/alminutonoticia.com\/noticias\/wp-content\/uploads\/2024\/11\/Hechos-del-Canal_35-AC-1024x683-2-770x470-1-300x183.jpg 300w, https:\/\/alminutonoticia.com\/noticias\/wp-content\/uploads\/2024\/11\/Hechos-del-Canal_35-AC-1024x683-2-770x470-1-768x469.jpg 768w\" sizes=\"(max-width: 770px) 100vw, 770px\" \/><\/a><\/figure>\n","protected":false},"excerpt":{"rendered":"<p>Con motivo de los 25 a\u00f1os de la transferencia de la v\u00eda acu\u00e1tica a manos paname\u00f1as, el Canal de Panam\u00e1 present\u00f3 una campa\u00f1a de celebraci\u00f3n bajo el lema \u00abHechos del Canal\u00bb. Esta iniciativa rinde homenaje a la historia, logros y desaf\u00edos del Canal de Panam\u00e1, resaltando su importancia como motor de desarrollo y s\u00edmbolo de [&hellip;]<\/p>\n","protected":false},"author":3,"featured_media":13199,"comment_status":"open","ping_status":"open","sticky":false,"template":"","format":"standard","meta":{"footnotes":""},"categories":[36],"tags":[],"class_list":["post-13198","post","type-post","status-publish","format-standard","has-post-thumbnail","hentry","category-nacionales"],"_links":{"self":[{"href":"https:\/\/alminutonoticia.com\/noticias\/wp-json\/wp\/v2\/posts\/13198","targetHints":{"allow":["GET"]}}],"collection":[{"href":"https:\/\/alminutonoticia.com\/noticias\/wp-json\/wp\/v2\/posts"}],"about":[{"href":"https:\/\/alminutonoticia.com\/noticias\/wp-json\/wp\/v2\/types\/post"}],"author":[{"embeddable":true,"href":"https:\/\/alminutonoticia.com\/noticias\/wp-json\/wp\/v2\/users\/3"}],"replies":[{"embeddable":true,"href":"https:\/\/alminutonoticia.com\/noticias\/wp-json\/wp\/v2\/comments?post=13198"}],"version-history":[{"count":1,"href":"https:\/\/alminutonoticia.com\/noticias\/wp-json\/wp\/v2\/posts\/13198\/revisions"}],"predecessor-version":[{"id":13200,"href":"https:\/\/alminutonoticia.com\/noticias\/wp-json\/wp\/v2\/posts\/13198\/revisions\/13200"}],"wp:featuredmedia":[{"embeddable":true,"href":"https:\/\/alminutonoticia.com\/noticias\/wp-json\/wp\/v2\/media\/13199"}],"wp:attachment":[{"href":"https:\/\/alminutonoticia.com\/noticias\/wp-json\/wp\/v2\/media?parent=13198"}],"wp:term":[{"taxonomy":"category","embeddable":true,"href":"https:\/\/alminutonoticia.com\/noticias\/wp-json\/wp\/v2\/categories?post=13198"},{"taxonomy":"post_tag","embeddable":true,"href":"https:\/\/alminutonoticia.com\/noticias\/wp-json\/wp\/v2\/tags?post=13198"}],"curies":[{"name":"wp","href":"https:\/\/api.w.org\/{rel}","templated":true}]}}