{"id":13171,"date":"2024-11-21T21:41:43","date_gmt":"2024-11-21T21:41:43","guid":{"rendered":"https:\/\/alminutonoticia.com\/noticias\/?p=13171"},"modified":"2024-11-21T21:41:45","modified_gmt":"2024-11-21T21:41:45","slug":"mayer-mizrachi-apoya-comunidades-en-pacora-y-chilibre-ante-la-escasez-de-agua","status":"publish","type":"post","link":"https:\/\/alminutonoticia.com\/noticias\/mayer-mizrachi-apoya-comunidades-en-pacora-y-chilibre-ante-la-escasez-de-agua\/","title":{"rendered":"Mayer Mizrachi apoya comunidades en Pacora y Chilibre ante la escasez de agua"},"content":{"rendered":"\n<p>El alcalde del distrito capital dedic\u00f3 la ma\u00f1ana de este jueves a conocer de primera mano las dificultades que enfrentan cientos de residentes en comunidades de los corregimientos de Pacora y Chilibre, donde el suministro de agua presenta serias deficiencias.<\/p>\n\n\n\n<p>En una acci\u00f3n coordinada con las autoridades del gobierno central, la Alcald\u00eda ha gestionado ayuda provisional para los afectados. En el caso de Pacora, los residentes afirman que la escasez de agua se registra desde hace un mes.<\/p>\n\n\n\n<p>\u201cHemos conversado con algunos de nuestros proveedores para ver de qu\u00e9 manera podemos ayudar a estos ciudadanos\u201d, se\u00f1al\u00f3 Mizrachi mientras dialogaba con los residentes de las \u00e1reas afectadas en Pacora.<\/p>\n\n\n\n<p>El alcalde decidi\u00f3 suspender toda su agenda de la ma\u00f1ana del jueves para dedicar tiempo a escuchar las explicaciones de los residentes sobre las dificultades que atraviesan con el servicio de agua potable.<\/p>\n\n\n\n<figure class=\"wp-block-image size-full\"><a href=\"https:\/\/alminutonoticia.com\/noticias\/wp-content\/uploads\/2024\/11\/WhatsApp-Image-2024-11-21-at-1.04.58-PM-1024x682-1.jpeg\"><img fetchpriority=\"high\" decoding=\"async\" width=\"1024\" height=\"682\" src=\"https:\/\/alminutonoticia.com\/noticias\/wp-content\/uploads\/2024\/11\/WhatsApp-Image-2024-11-21-at-1.04.58-PM-1024x682-1.jpeg\" alt=\"\" class=\"wp-image-13172\" title=\"\" srcset=\"https:\/\/alminutonoticia.com\/noticias\/wp-content\/uploads\/2024\/11\/WhatsApp-Image-2024-11-21-at-1.04.58-PM-1024x682-1.jpeg 1024w, https:\/\/alminutonoticia.com\/noticias\/wp-content\/uploads\/2024\/11\/WhatsApp-Image-2024-11-21-at-1.04.58-PM-1024x682-1-300x200.jpeg 300w, https:\/\/alminutonoticia.com\/noticias\/wp-content\/uploads\/2024\/11\/WhatsApp-Image-2024-11-21-at-1.04.58-PM-1024x682-1-768x512.jpeg 768w\" sizes=\"(max-width: 1024px) 100vw, 1024px\" \/><\/a><\/figure>\n","protected":false},"excerpt":{"rendered":"<p>El alcalde del distrito capital dedic\u00f3 la ma\u00f1ana de este jueves a conocer de primera mano las dificultades que enfrentan cientos de residentes en comunidades de los corregimientos de Pacora y Chilibre, donde el suministro de agua presenta serias deficiencias. En una acci\u00f3n coordinada con las autoridades del gobierno central, la Alcald\u00eda ha gestionado ayuda [&hellip;]<\/p>\n","protected":false},"author":3,"featured_media":13172,"comment_status":"open","ping_status":"open","sticky":false,"template":"","format":"standard","meta":{"footnotes":""},"categories":[36],"tags":[],"class_list":["post-13171","post","type-post","status-publish","format-standard","has-post-thumbnail","hentry","category-nacionales"],"_links":{"self":[{"href":"https:\/\/alminutonoticia.com\/noticias\/wp-json\/wp\/v2\/posts\/13171","targetHints":{"allow":["GET"]}}],"collection":[{"href":"https:\/\/alminutonoticia.com\/noticias\/wp-json\/wp\/v2\/posts"}],"about":[{"href":"https:\/\/alminutonoticia.com\/noticias\/wp-json\/wp\/v2\/types\/post"}],"author":[{"embeddable":true,"href":"https:\/\/alminutonoticia.com\/noticias\/wp-json\/wp\/v2\/users\/3"}],"replies":[{"embeddable":true,"href":"https:\/\/alminutonoticia.com\/noticias\/wp-json\/wp\/v2\/comments?post=13171"}],"version-history":[{"count":1,"href":"https:\/\/alminutonoticia.com\/noticias\/wp-json\/wp\/v2\/posts\/13171\/revisions"}],"predecessor-version":[{"id":13173,"href":"https:\/\/alminutonoticia.com\/noticias\/wp-json\/wp\/v2\/posts\/13171\/revisions\/13173"}],"wp:featuredmedia":[{"embeddable":true,"href":"https:\/\/alminutonoticia.com\/noticias\/wp-json\/wp\/v2\/media\/13172"}],"wp:attachment":[{"href":"https:\/\/alminutonoticia.com\/noticias\/wp-json\/wp\/v2\/media?parent=13171"}],"wp:term":[{"taxonomy":"category","embeddable":true,"href":"https:\/\/alminutonoticia.com\/noticias\/wp-json\/wp\/v2\/categories?post=13171"},{"taxonomy":"post_tag","embeddable":true,"href":"https:\/\/alminutonoticia.com\/noticias\/wp-json\/wp\/v2\/tags?post=13171"}],"curies":[{"name":"wp","href":"https:\/\/api.w.org\/{rel}","templated":true}]}}