{"id":13166,"date":"2024-11-21T21:40:29","date_gmt":"2024-11-21T21:40:29","guid":{"rendered":"https:\/\/alminutonoticia.com\/noticias\/?p=13166"},"modified":"2024-11-21T21:40:31","modified_gmt":"2024-11-21T21:40:31","slug":"minsa-entrega-insumos-a-albergue-del-adulto-mayor-de-la-cruz-roja-panamena","status":"publish","type":"post","link":"https:\/\/alminutonoticia.com\/noticias\/minsa-entrega-insumos-a-albergue-del-adulto-mayor-de-la-cruz-roja-panamena\/","title":{"rendered":"Minsa entrega insumos a Albergue del Adulto Mayor de la Cruz Roja Paname\u00f1a"},"content":{"rendered":"\n<p>A trav\u00e9s de la Direcci\u00f3n General de Salud P\u00fablica, el Ministerio de Salud en coordinaci\u00f3n con la Federaci\u00f3n Nacional de la Asociaci\u00f3n de la Tercera Edad &nbsp;realiz\u00f3 la entrega de alimentos secos y productos de limpieza y aseo personal al Albergue del Adulto Mayor de la Cruz Roja Paname\u00f1a, en el marco de la celebraci\u00f3n de la Semana de la Tercera Edad que se desarrolla del 17 al 22 de noviembre.<\/p>\n\n\n\n<p>Diana Varela, jefa de la Secci\u00f3n del Adulto Mayor del Minsa, indic\u00f3 que las diferentes direcciones y secciones de la entidad, brindaron apoyo mediante entrega de pampers, pa\u00f1itos h\u00famedos, desinfectantes y todo tipo de alimentos secos.<\/p>\n\n\n\n<p>Varela reiter\u00f3 la importancia de los buenos estilos de vidas saludables, y recalc\u00f3 que a medida que se da el proceso de envejecimiento se necesita otra nutrici\u00f3n diferente &nbsp;a la que requiere un joven.<\/p>\n\n\n\n<figure class=\"wp-block-image size-full\"><a href=\"https:\/\/alminutonoticia.com\/noticias\/wp-content\/uploads\/2024\/11\/WhatsApp-Image-2024-11-21-at-1.19.29-PM-1024x683-1.jpeg\"><img fetchpriority=\"high\" decoding=\"async\" width=\"1024\" height=\"683\" src=\"https:\/\/alminutonoticia.com\/noticias\/wp-content\/uploads\/2024\/11\/WhatsApp-Image-2024-11-21-at-1.19.29-PM-1024x683-1.jpeg\" alt=\"\" class=\"wp-image-13167\" title=\"\" srcset=\"https:\/\/alminutonoticia.com\/noticias\/wp-content\/uploads\/2024\/11\/WhatsApp-Image-2024-11-21-at-1.19.29-PM-1024x683-1.jpeg 1024w, https:\/\/alminutonoticia.com\/noticias\/wp-content\/uploads\/2024\/11\/WhatsApp-Image-2024-11-21-at-1.19.29-PM-1024x683-1-300x200.jpeg 300w, https:\/\/alminutonoticia.com\/noticias\/wp-content\/uploads\/2024\/11\/WhatsApp-Image-2024-11-21-at-1.19.29-PM-1024x683-1-768x512.jpeg 768w\" sizes=\"(max-width: 1024px) 100vw, 1024px\" \/><\/a><\/figure>\n\n\n\n<p>En ese sentido, recomend\u00f3 a esta parte &nbsp;de la poblaci\u00f3n el consumo &nbsp;de prote\u00ednas, alimentos bajos en grasa, rico en fibras y frutas.<\/p>\n\n\n\n<p>Resalt\u00f3 adem\u00e1s que las instalaciones de salud del Minsa desarrollan el programa de atenci\u00f3n del adulto mayor en donde no solo realizan actividades l\u00fadica y recreativas sino que adem\u00e1s proporcionan un seguimiento y control de su salud.<\/p>\n\n\n\n<p>En relaci\u00f3n a los cuidadores de adultos mayores, mencion\u00f3 que la paciencia y la empat\u00eda juegan un rol fundamental para que ellos puedan tener un envejecimiento m\u00e1s saludable de manera reconfortante.<\/p>\n\n\n\n<p>Por su parte, Miguel \u00c1ngel Ortega, presidente de la Federaci\u00f3n Nacional de la Asociaci\u00f3n de la Tercera Edad de la Rep\u00fablica de Panam\u00e1, agradeci\u00f3 el apoyo del Ministerio de Salud y de otras instituciones por los programas y seguimiento que se brindan a este sector de la poblaci\u00f3n.<\/p>\n\n\n\n<figure class=\"wp-block-image size-full\"><a href=\"https:\/\/alminutonoticia.com\/noticias\/wp-content\/uploads\/2024\/11\/WhatsApp-Image-2024-11-21-at-1.19.31-PM-1-1024x683-1.jpeg\"><img decoding=\"async\" width=\"1024\" height=\"683\" src=\"https:\/\/alminutonoticia.com\/noticias\/wp-content\/uploads\/2024\/11\/WhatsApp-Image-2024-11-21-at-1.19.31-PM-1-1024x683-1.jpeg\" alt=\"\" class=\"wp-image-13168\" title=\"\" srcset=\"https:\/\/alminutonoticia.com\/noticias\/wp-content\/uploads\/2024\/11\/WhatsApp-Image-2024-11-21-at-1.19.31-PM-1-1024x683-1.jpeg 1024w, https:\/\/alminutonoticia.com\/noticias\/wp-content\/uploads\/2024\/11\/WhatsApp-Image-2024-11-21-at-1.19.31-PM-1-1024x683-1-300x200.jpeg 300w, https:\/\/alminutonoticia.com\/noticias\/wp-content\/uploads\/2024\/11\/WhatsApp-Image-2024-11-21-at-1.19.31-PM-1-1024x683-1-768x512.jpeg 768w\" sizes=\"(max-width: 1024px) 100vw, 1024px\" \/><\/a><\/figure>\n\n\n\n<p>\u201cEn esta semana hemos realizado una serie de actividades tanto religiosas, deportivas, salud, culturales, social y musical\u201d, en conmemoraci\u00f3n a la Semana de la Tercera Edad, detall\u00f3.<\/p>\n\n\n\n<p>Destac\u00f3 la importancia de la integraci\u00f3n de la salud f\u00edsica y la mental en el bienestar de la tercera edad.<\/p>\n\n\n\n<figure class=\"wp-block-image size-full\"><a href=\"https:\/\/alminutonoticia.com\/noticias\/wp-content\/uploads\/2024\/11\/WhatsApp-Image-2024-11-21-at-1.19.29-PM-1-1024x683-1.jpeg\"><img decoding=\"async\" width=\"1024\" height=\"683\" src=\"https:\/\/alminutonoticia.com\/noticias\/wp-content\/uploads\/2024\/11\/WhatsApp-Image-2024-11-21-at-1.19.29-PM-1-1024x683-1.jpeg\" alt=\"\" class=\"wp-image-13169\" title=\"\" srcset=\"https:\/\/alminutonoticia.com\/noticias\/wp-content\/uploads\/2024\/11\/WhatsApp-Image-2024-11-21-at-1.19.29-PM-1-1024x683-1.jpeg 1024w, https:\/\/alminutonoticia.com\/noticias\/wp-content\/uploads\/2024\/11\/WhatsApp-Image-2024-11-21-at-1.19.29-PM-1-1024x683-1-300x200.jpeg 300w, https:\/\/alminutonoticia.com\/noticias\/wp-content\/uploads\/2024\/11\/WhatsApp-Image-2024-11-21-at-1.19.29-PM-1-1024x683-1-768x512.jpeg 768w\" sizes=\"(max-width: 1024px) 100vw, 1024px\" \/><\/a><\/figure>\n","protected":false},"excerpt":{"rendered":"<p>A trav\u00e9s de la Direcci\u00f3n General de Salud P\u00fablica, el Ministerio de Salud en coordinaci\u00f3n con la Federaci\u00f3n Nacional de la Asociaci\u00f3n de la Tercera Edad &nbsp;realiz\u00f3 la entrega de alimentos secos y productos de limpieza y aseo personal al Albergue del Adulto Mayor de la Cruz Roja Paname\u00f1a, en el marco de la celebraci\u00f3n [&hellip;]<\/p>\n","protected":false},"author":3,"featured_media":13169,"comment_status":"open","ping_status":"open","sticky":false,"template":"","format":"standard","meta":{"footnotes":""},"categories":[36,45],"tags":[],"class_list":["post-13166","post","type-post","status-publish","format-standard","has-post-thumbnail","hentry","category-nacionales","category-salud"],"_links":{"self":[{"href":"https:\/\/alminutonoticia.com\/noticias\/wp-json\/wp\/v2\/posts\/13166","targetHints":{"allow":["GET"]}}],"collection":[{"href":"https:\/\/alminutonoticia.com\/noticias\/wp-json\/wp\/v2\/posts"}],"about":[{"href":"https:\/\/alminutonoticia.com\/noticias\/wp-json\/wp\/v2\/types\/post"}],"author":[{"embeddable":true,"href":"https:\/\/alminutonoticia.com\/noticias\/wp-json\/wp\/v2\/users\/3"}],"replies":[{"embeddable":true,"href":"https:\/\/alminutonoticia.com\/noticias\/wp-json\/wp\/v2\/comments?post=13166"}],"version-history":[{"count":1,"href":"https:\/\/alminutonoticia.com\/noticias\/wp-json\/wp\/v2\/posts\/13166\/revisions"}],"predecessor-version":[{"id":13170,"href":"https:\/\/alminutonoticia.com\/noticias\/wp-json\/wp\/v2\/posts\/13166\/revisions\/13170"}],"wp:featuredmedia":[{"embeddable":true,"href":"https:\/\/alminutonoticia.com\/noticias\/wp-json\/wp\/v2\/media\/13169"}],"wp:attachment":[{"href":"https:\/\/alminutonoticia.com\/noticias\/wp-json\/wp\/v2\/media?parent=13166"}],"wp:term":[{"taxonomy":"category","embeddable":true,"href":"https:\/\/alminutonoticia.com\/noticias\/wp-json\/wp\/v2\/categories?post=13166"},{"taxonomy":"post_tag","embeddable":true,"href":"https:\/\/alminutonoticia.com\/noticias\/wp-json\/wp\/v2\/tags?post=13166"}],"curies":[{"name":"wp","href":"https:\/\/api.w.org\/{rel}","templated":true}]}}