{"id":1315,"date":"2023-02-24T12:38:26","date_gmt":"2023-02-24T12:38:26","guid":{"rendered":"https:\/\/alminutonoticia.com\/noticias\/?p=1315"},"modified":"2023-02-24T12:38:27","modified_gmt":"2023-02-24T12:38:27","slug":"trabajadores-de-minera-panama-protestan-piden-que-se-firme-el-acuerdo","status":"publish","type":"post","link":"https:\/\/alminutonoticia.com\/noticias\/trabajadores-de-minera-panama-protestan-piden-que-se-firme-el-acuerdo\/","title":{"rendered":"Trabajadores de Minera Panam\u00e1 protestan, piden que se firme el acuerdo"},"content":{"rendered":"\n<p>Los trabajadores de Minera Panam\u00e1 (MPSA) salieron a las calles, tanto en la ciudad de Panam\u00e1 como en Penonom\u00e9, provincia de Cocl\u00e9, manifestando su preocupaci\u00f3n por la situaci\u00f3n laboral que enfrentan.<\/p>\n\n\n\n<p>Los mineros marcharon desde la Plaza 5 de Mayo hasta la\u00a0<strong>Presidencia de la Rep\u00fablica<\/strong>, para exigir al Gobierno una respuesta en cuanto a la garant\u00edas de sus\u00a0<strong>empleos<\/strong>, pues la empresa ha anunciado la suspensi\u00f3n de operaciones, lo que incurrir\u00e1 en la salida de trabajadores del proyecto.<\/p>\n\n\n\n<p>Los colaboradores est\u00e1n pidiendo que se les expliqu\u00e9 qu\u00e9 suceder\u00e1 con ellos, qu\u00e9 proceder\u00e1 a partir del cierre de operaciones de procesamiento y c\u00f3mo avanzan las negociaciones del contrato.<\/p>\n\n\n\n<p>De igual manera, en&nbsp;<strong>Penonom\u00e9<\/strong>, los trabajadores marcharon en la v\u00eda Interamericana afectando el tr\u00e1fico vehicular.<\/p>\n\n\n\n<p>Tanto&nbsp;<strong>colaboradores<\/strong>&nbsp;como&nbsp;<strong>proveedores<\/strong>&nbsp;est\u00e1n solicitando a las partes llegar a un consenso que les permita&nbsp;<strong>firmar el acuerdo<\/strong>, para continuar con el funcionamiento de la mina.<\/p>\n\n\n\n<p>Se conoci\u00f3 que representantes del&nbsp;<strong>Ministerio de Comercio e Industrias (MICI) y del Ministerio de Trabajo<\/strong>&nbsp;llegar\u00e1n a atenderlos en la Presidencia.<\/p>\n\n\n\n<p>En tanto que, la ma\u00f1ana de este jueves 23 de febrero, el&nbsp;<strong>Gobierno<\/strong>&nbsp;emiti\u00f3 un comunicado haciendo un llamado a&nbsp;<strong>Minera Panam\u00e1<\/strong>&nbsp;a \u2018abstenerse\u2019 de crear&nbsp;<strong>\u2018incertidumbre\u2019<\/strong>&nbsp;sobre la&nbsp;<strong>estabilidad de los trabajadores y proveedores<\/strong>&nbsp;que dependen de la actividad minera.<\/p>\n\n\n\n<p>\u201c<em>El Ministerio de Comercio e Industrias, de manera incansable durante los \u00faltimos meses, le ha manifestado a MPSA la importancia de finalizar el acuerdo previamente acordado el 17 de enero de 2022 para garantizar la operaci\u00f3n de la mina Cobre Panam\u00e1<\/em>\u201d, destaca el comunicado.<\/p>\n\n\n\n<p>Mientras que, la&nbsp;<strong>C\u00e1mara Minera de Panam\u00e1<\/strong>&nbsp;pidi\u00f3 a las partes que se mantienen en negociaciones propiciar las condiciones necesarias y razonables mediante el di\u00e1logo y sin llegar a \u201csituaciones extremas\u201d de presi\u00f3n.<\/p>\n\n\n\n<p>Por su parte, la empresa\u00a0<strong>First Quantum\u00a0<\/strong>anunci\u00f3, a trav\u00e9s de un comunicado, la suspensi\u00f3n de las operaciones de procesamiento de mineral en\u00a0<strong>Cobre Panam\u00e1<\/strong>.<\/p>\n\n\n\n<p>Minera Panam\u00e1 y el Gobierno Nacional protagonizan una disputa por el nuevo\u00a0<strong>contrato de concesi\u00f3n<\/strong>\u00a0para la operaci\u00f3n de la mina de cobre en\u00a0<strong>Donoso<\/strong>\u00a0desde el pasado mes de noviembre, esto, luego de que se dijera que hab\u00eda un borrador de contrato en el que ambas partes estaban de acuerdo.\u00a0<\/p>\n\n\n\n<figure class=\"wp-block-image size-large\"><a href=\"https:\/\/alminutonoticia.com\/noticias\/wp-content\/uploads\/2023\/02\/WhatsApp-Image-2023-02-23-at-12.15.37-PM.jpeg\"><img fetchpriority=\"high\" decoding=\"async\" width=\"1024\" height=\"768\" src=\"https:\/\/alminutonoticia.com\/noticias\/wp-content\/uploads\/2023\/02\/WhatsApp-Image-2023-02-23-at-12.15.37-PM-1024x768.jpeg\" alt=\"\" class=\"wp-image-1316\" title=\"\" srcset=\"https:\/\/alminutonoticia.com\/noticias\/wp-content\/uploads\/2023\/02\/WhatsApp-Image-2023-02-23-at-12.15.37-PM-1024x768.jpeg 1024w, https:\/\/alminutonoticia.com\/noticias\/wp-content\/uploads\/2023\/02\/WhatsApp-Image-2023-02-23-at-12.15.37-PM-300x225.jpeg 300w, https:\/\/alminutonoticia.com\/noticias\/wp-content\/uploads\/2023\/02\/WhatsApp-Image-2023-02-23-at-12.15.37-PM-768x576.jpeg 768w, https:\/\/alminutonoticia.com\/noticias\/wp-content\/uploads\/2023\/02\/WhatsApp-Image-2023-02-23-at-12.15.37-PM.jpeg 1280w\" sizes=\"(max-width: 1024px) 100vw, 1024px\" \/><\/a><\/figure>\n\n\n\n<figure class=\"wp-block-image size-large\"><a href=\"https:\/\/alminutonoticia.com\/noticias\/wp-content\/uploads\/2023\/02\/WhatsApp-Image-2023-02-23-at-12.15.36-PM-2.jpeg\"><img decoding=\"async\" width=\"1024\" height=\"768\" src=\"https:\/\/alminutonoticia.com\/noticias\/wp-content\/uploads\/2023\/02\/WhatsApp-Image-2023-02-23-at-12.15.36-PM-2-1024x768.jpeg\" alt=\"\" class=\"wp-image-1317\" title=\"\" srcset=\"https:\/\/alminutonoticia.com\/noticias\/wp-content\/uploads\/2023\/02\/WhatsApp-Image-2023-02-23-at-12.15.36-PM-2-1024x768.jpeg 1024w, https:\/\/alminutonoticia.com\/noticias\/wp-content\/uploads\/2023\/02\/WhatsApp-Image-2023-02-23-at-12.15.36-PM-2-300x225.jpeg 300w, https:\/\/alminutonoticia.com\/noticias\/wp-content\/uploads\/2023\/02\/WhatsApp-Image-2023-02-23-at-12.15.36-PM-2-768x576.jpeg 768w, https:\/\/alminutonoticia.com\/noticias\/wp-content\/uploads\/2023\/02\/WhatsApp-Image-2023-02-23-at-12.15.36-PM-2.jpeg 1280w\" sizes=\"(max-width: 1024px) 100vw, 1024px\" \/><\/a><\/figure>\n\n\n\n<figure class=\"wp-block-image size-large\"><a href=\"https:\/\/alminutonoticia.com\/noticias\/wp-content\/uploads\/2023\/02\/WhatsApp-Image-2023-02-23-at-12.15.36-PM-1.jpeg\"><img decoding=\"async\" width=\"1024\" height=\"768\" src=\"https:\/\/alminutonoticia.com\/noticias\/wp-content\/uploads\/2023\/02\/WhatsApp-Image-2023-02-23-at-12.15.36-PM-1-1024x768.jpeg\" alt=\"\" class=\"wp-image-1318\" title=\"\" srcset=\"https:\/\/alminutonoticia.com\/noticias\/wp-content\/uploads\/2023\/02\/WhatsApp-Image-2023-02-23-at-12.15.36-PM-1-1024x768.jpeg 1024w, https:\/\/alminutonoticia.com\/noticias\/wp-content\/uploads\/2023\/02\/WhatsApp-Image-2023-02-23-at-12.15.36-PM-1-300x225.jpeg 300w, https:\/\/alminutonoticia.com\/noticias\/wp-content\/uploads\/2023\/02\/WhatsApp-Image-2023-02-23-at-12.15.36-PM-1-768x576.jpeg 768w, https:\/\/alminutonoticia.com\/noticias\/wp-content\/uploads\/2023\/02\/WhatsApp-Image-2023-02-23-at-12.15.36-PM-1.jpeg 1280w\" sizes=\"(max-width: 1024px) 100vw, 1024px\" \/><\/a><\/figure>\n\n\n\n<figure class=\"wp-block-image size-large\"><a href=\"https:\/\/alminutonoticia.com\/noticias\/wp-content\/uploads\/2023\/02\/WhatsApp-Image-2023-02-23-at-12.15.36-PM.jpeg\"><img loading=\"lazy\" decoding=\"async\" width=\"1024\" height=\"768\" src=\"https:\/\/alminutonoticia.com\/noticias\/wp-content\/uploads\/2023\/02\/WhatsApp-Image-2023-02-23-at-12.15.36-PM-1024x768.jpeg\" alt=\"\" class=\"wp-image-1319\" title=\"\" srcset=\"https:\/\/alminutonoticia.com\/noticias\/wp-content\/uploads\/2023\/02\/WhatsApp-Image-2023-02-23-at-12.15.36-PM-1024x768.jpeg 1024w, https:\/\/alminutonoticia.com\/noticias\/wp-content\/uploads\/2023\/02\/WhatsApp-Image-2023-02-23-at-12.15.36-PM-300x225.jpeg 300w, https:\/\/alminutonoticia.com\/noticias\/wp-content\/uploads\/2023\/02\/WhatsApp-Image-2023-02-23-at-12.15.36-PM-768x576.jpeg 768w, https:\/\/alminutonoticia.com\/noticias\/wp-content\/uploads\/2023\/02\/WhatsApp-Image-2023-02-23-at-12.15.36-PM.jpeg 1280w\" sizes=\"(max-width: 1024px) 100vw, 1024px\" \/><\/a><\/figure>\n\n\n\n<figure class=\"wp-block-image size-large\"><a href=\"https:\/\/alminutonoticia.com\/noticias\/wp-content\/uploads\/2023\/02\/WhatsApp-Image-2023-02-23-at-12.15.35-PM-1.jpeg\"><img loading=\"lazy\" decoding=\"async\" width=\"1024\" height=\"768\" src=\"https:\/\/alminutonoticia.com\/noticias\/wp-content\/uploads\/2023\/02\/WhatsApp-Image-2023-02-23-at-12.15.35-PM-1-1024x768.jpeg\" alt=\"\" class=\"wp-image-1320\" title=\"\" srcset=\"https:\/\/alminutonoticia.com\/noticias\/wp-content\/uploads\/2023\/02\/WhatsApp-Image-2023-02-23-at-12.15.35-PM-1-1024x768.jpeg 1024w, https:\/\/alminutonoticia.com\/noticias\/wp-content\/uploads\/2023\/02\/WhatsApp-Image-2023-02-23-at-12.15.35-PM-1-300x225.jpeg 300w, https:\/\/alminutonoticia.com\/noticias\/wp-content\/uploads\/2023\/02\/WhatsApp-Image-2023-02-23-at-12.15.35-PM-1-768x576.jpeg 768w, https:\/\/alminutonoticia.com\/noticias\/wp-content\/uploads\/2023\/02\/WhatsApp-Image-2023-02-23-at-12.15.35-PM-1.jpeg 1280w\" sizes=\"(max-width: 1024px) 100vw, 1024px\" \/><\/a><\/figure>\n","protected":false},"excerpt":{"rendered":"<p>Los trabajadores de Minera Panam\u00e1 (MPSA) salieron a las calles, tanto en la ciudad de Panam\u00e1 como en Penonom\u00e9, provincia de Cocl\u00e9, manifestando su preocupaci\u00f3n por la situaci\u00f3n laboral que enfrentan. Los mineros marcharon desde la Plaza 5 de Mayo hasta la\u00a0Presidencia de la Rep\u00fablica, para exigir al Gobierno una respuesta en cuanto a la [&hellip;]<\/p>\n","protected":false},"author":3,"featured_media":1320,"comment_status":"open","ping_status":"open","sticky":false,"template":"","format":"standard","meta":{"footnotes":""},"categories":[38,39,36],"tags":[],"class_list":["post-1315","post","type-post","status-publish","format-standard","has-post-thumbnail","hentry","category-economia","category-internacionales","category-nacionales"],"_links":{"self":[{"href":"https:\/\/alminutonoticia.com\/noticias\/wp-json\/wp\/v2\/posts\/1315","targetHints":{"allow":["GET"]}}],"collection":[{"href":"https:\/\/alminutonoticia.com\/noticias\/wp-json\/wp\/v2\/posts"}],"about":[{"href":"https:\/\/alminutonoticia.com\/noticias\/wp-json\/wp\/v2\/types\/post"}],"author":[{"embeddable":true,"href":"https:\/\/alminutonoticia.com\/noticias\/wp-json\/wp\/v2\/users\/3"}],"replies":[{"embeddable":true,"href":"https:\/\/alminutonoticia.com\/noticias\/wp-json\/wp\/v2\/comments?post=1315"}],"version-history":[{"count":1,"href":"https:\/\/alminutonoticia.com\/noticias\/wp-json\/wp\/v2\/posts\/1315\/revisions"}],"predecessor-version":[{"id":1321,"href":"https:\/\/alminutonoticia.com\/noticias\/wp-json\/wp\/v2\/posts\/1315\/revisions\/1321"}],"wp:featuredmedia":[{"embeddable":true,"href":"https:\/\/alminutonoticia.com\/noticias\/wp-json\/wp\/v2\/media\/1320"}],"wp:attachment":[{"href":"https:\/\/alminutonoticia.com\/noticias\/wp-json\/wp\/v2\/media?parent=1315"}],"wp:term":[{"taxonomy":"category","embeddable":true,"href":"https:\/\/alminutonoticia.com\/noticias\/wp-json\/wp\/v2\/categories?post=1315"},{"taxonomy":"post_tag","embeddable":true,"href":"https:\/\/alminutonoticia.com\/noticias\/wp-json\/wp\/v2\/tags?post=1315"}],"curies":[{"name":"wp","href":"https:\/\/api.w.org\/{rel}","templated":true}]}}