{"id":1305,"date":"2023-02-24T12:12:45","date_gmt":"2023-02-24T12:12:45","guid":{"rendered":"https:\/\/alminutonoticia.com\/noticias\/?p=1305"},"modified":"2023-02-24T12:12:46","modified_gmt":"2023-02-24T12:12:46","slug":"panama-monitorea-y-evalua-la-adaptacion-perdidas-y-danos-relacionados-con-el-cambio-climatico-a-nivel-nacional","status":"publish","type":"post","link":"https:\/\/alminutonoticia.com\/noticias\/panama-monitorea-y-evalua-la-adaptacion-perdidas-y-danos-relacionados-con-el-cambio-climatico-a-nivel-nacional\/","title":{"rendered":"Panam\u00e1 monitorea y eval\u00faa la adaptaci\u00f3n, p\u00e9rdidas y da\u00f1os relacionados con el cambio clim\u00e1tico a nivel nacional"},"content":{"rendered":"\n<p>El Ministerio de Ambiente monitorea los avances en la adaptaci\u00f3n al cambio clim\u00e1tico y los retrocesos ocasionados por las p\u00e9rdidas y da\u00f1os a nivel nacional a trav\u00e9s del Sistema de Monitoreo y Evaluaci\u00f3n de la Adaptaci\u00f3n y P\u00e9rdidas y Da\u00f1os en Panam\u00e1.<\/p>\n\n\n\n<p>Estos avances en adaptaci\u00f3n son medidos por la Direcci\u00f3n de Cambio Clim\u00e1tico del Ministerio de Ambiente, a trav\u00e9s de veinti\u00fan (21) indicadores de monitoreo y evaluaci\u00f3n (M&amp;E), los cuales recolectan informaci\u00f3n sobre planes, programas, proyectos y pol\u00edticas vinculados a la adaptaci\u00f3n al cambio clim\u00e1tico de manera espec\u00edfica o que por su alcance y resultados pueden ser asociados a la adaptaci\u00f3n al cambio clim\u00e1tico.<\/p>\n\n\n\n<p>Las p\u00e9rdidas y da\u00f1os tambi\u00e9n son monitoreadas a trav\u00e9s de diecis\u00e9is (16) indicadores de M&amp;E, estos, por su parte, recolectan informaci\u00f3n puntual a nivel nacional sobre p\u00e9rdida de biodiversidad, afectaciones por sequ\u00edas, aumento del nivel del mar, tormentas o ciclones tropicales, inundaciones entre otros eventos que causan p\u00e9rdidas econ\u00f3micas y no econ\u00f3micas al pa\u00eds.<\/p>\n\n\n\n<p>\u00bfQu\u00e9 son p\u00e9rdidas?<\/p>\n\n\n\n<p>Las p\u00e9rdidas para el Sistema M&amp;E se refieren a los cambios en los flujos econ\u00f3micos derivados directamente de una cat\u00e1strofe o un evento clim\u00e1tico extremo. Es decir que, las p\u00e9rdidas se refieren a los bienes que se dejan de producir y servicios que se dejan de prestar tan pronto ocurre el evento y se prolonga hasta que se alcanza la recuperaci\u00f3n y la reconstrucci\u00f3n total.<\/p>\n\n\n\n<p>\u00bfQu\u00e9 son da\u00f1os?<\/p>\n\n\n\n<p>Se definen como el coste de reposici\u00f3n y\/o el coste de reparaci\u00f3n de los activos f\u00edsicos y las existencias total o parcialmente destruidas en la zona afectada por un evento clim\u00e1tico extremo.<\/p>\n\n\n\n<p>Monitorear y evaluar la adaptaci\u00f3n al cambio clim\u00e1tico y contar con un registro de las p\u00e9rdidas y da\u00f1os en Panam\u00e1, permite conocer sobre la evoluci\u00f3n del contexto de adaptaci\u00f3n, las necesidades y experiencias; reportar a los actores involucrados sobre el progreso y\/o resultados y revisar si las pol\u00edticas, planes o intervenciones est\u00e1 accionando adecuadamente.<\/p>\n\n\n\n<p>Pr\u00f3ximamente, toda la informaci\u00f3n recolectada por el Sistema M&amp;E de Panam\u00e1 estar\u00e1 disponible en la Plataforma Nacional de Transparencia Clim\u00e1tica ingresando en el m\u00f3dulo M&amp;E, esto con la finalidad de brindar herramientas para la toma de decisiones informada y promover el desarrollo de proyectos e iniciativa que fortalezcan la informaci\u00f3n cient\u00edfica en el pa\u00eds.<\/p>\n\n\n\n<p>El Sistema M&amp;E de Panam\u00e1 se construy\u00f3 de forma que sea un sistema din\u00e1mico y es posible gracias al apoyo de actores claves de los sectores p\u00fablico, privado, academia y sociedad civil, quienes en sus actividades diarias recolectan informaci\u00f3n y generan proyectos de gran valor para el pa\u00eds.<\/p>\n\n\n\n<figure class=\"wp-block-image size-large\"><a href=\"https:\/\/alminutonoticia.com\/noticias\/wp-content\/uploads\/2023\/02\/WhatsApp-Image-2023-02-23-at-2.16.27-PM.jpeg\"><img fetchpriority=\"high\" decoding=\"async\" width=\"1024\" height=\"682\" src=\"https:\/\/alminutonoticia.com\/noticias\/wp-content\/uploads\/2023\/02\/WhatsApp-Image-2023-02-23-at-2.16.27-PM-1024x682.jpeg\" alt=\"\" class=\"wp-image-1306\" title=\"\" srcset=\"https:\/\/alminutonoticia.com\/noticias\/wp-content\/uploads\/2023\/02\/WhatsApp-Image-2023-02-23-at-2.16.27-PM-1024x682.jpeg 1024w, https:\/\/alminutonoticia.com\/noticias\/wp-content\/uploads\/2023\/02\/WhatsApp-Image-2023-02-23-at-2.16.27-PM-300x200.jpeg 300w, https:\/\/alminutonoticia.com\/noticias\/wp-content\/uploads\/2023\/02\/WhatsApp-Image-2023-02-23-at-2.16.27-PM-768x512.jpeg 768w, https:\/\/alminutonoticia.com\/noticias\/wp-content\/uploads\/2023\/02\/WhatsApp-Image-2023-02-23-at-2.16.27-PM.jpeg 1280w\" sizes=\"(max-width: 1024px) 100vw, 1024px\" \/><\/a><\/figure>\n\n\n\n<figure class=\"wp-block-image size-full\"><a href=\"https:\/\/alminutonoticia.com\/noticias\/wp-content\/uploads\/2023\/02\/WhatsApp-Image-2023-02-23-at-2.16.26-PM.jpeg\"><img decoding=\"async\" width=\"768\" height=\"576\" src=\"https:\/\/alminutonoticia.com\/noticias\/wp-content\/uploads\/2023\/02\/WhatsApp-Image-2023-02-23-at-2.16.26-PM.jpeg\" alt=\"\" class=\"wp-image-1307\" title=\"\" srcset=\"https:\/\/alminutonoticia.com\/noticias\/wp-content\/uploads\/2023\/02\/WhatsApp-Image-2023-02-23-at-2.16.26-PM.jpeg 768w, https:\/\/alminutonoticia.com\/noticias\/wp-content\/uploads\/2023\/02\/WhatsApp-Image-2023-02-23-at-2.16.26-PM-300x225.jpeg 300w\" sizes=\"(max-width: 768px) 100vw, 768px\" \/><\/a><\/figure>\n\n\n\n<figure class=\"wp-block-image size-large\"><a href=\"https:\/\/alminutonoticia.com\/noticias\/wp-content\/uploads\/2023\/02\/WhatsApp-Image-2023-02-23-at-2.16.27-PM-1.jpeg\"><img decoding=\"async\" width=\"1024\" height=\"598\" src=\"https:\/\/alminutonoticia.com\/noticias\/wp-content\/uploads\/2023\/02\/WhatsApp-Image-2023-02-23-at-2.16.27-PM-1-1024x598.jpeg\" alt=\"\" class=\"wp-image-1308\" title=\"\" srcset=\"https:\/\/alminutonoticia.com\/noticias\/wp-content\/uploads\/2023\/02\/WhatsApp-Image-2023-02-23-at-2.16.27-PM-1-1024x598.jpeg 1024w, https:\/\/alminutonoticia.com\/noticias\/wp-content\/uploads\/2023\/02\/WhatsApp-Image-2023-02-23-at-2.16.27-PM-1-300x175.jpeg 300w, https:\/\/alminutonoticia.com\/noticias\/wp-content\/uploads\/2023\/02\/WhatsApp-Image-2023-02-23-at-2.16.27-PM-1-768x448.jpeg 768w, https:\/\/alminutonoticia.com\/noticias\/wp-content\/uploads\/2023\/02\/WhatsApp-Image-2023-02-23-at-2.16.27-PM-1.jpeg 1290w\" sizes=\"(max-width: 1024px) 100vw, 1024px\" \/><\/a><\/figure>\n","protected":false},"excerpt":{"rendered":"<p>El Ministerio de Ambiente monitorea los avances en la adaptaci\u00f3n al cambio clim\u00e1tico y los retrocesos ocasionados por las p\u00e9rdidas y da\u00f1os a nivel nacional a trav\u00e9s del Sistema de Monitoreo y Evaluaci\u00f3n de la Adaptaci\u00f3n y P\u00e9rdidas y Da\u00f1os en Panam\u00e1. Estos avances en adaptaci\u00f3n son medidos por la Direcci\u00f3n de Cambio Clim\u00e1tico del [&hellip;]<\/p>\n","protected":false},"author":3,"featured_media":1306,"comment_status":"open","ping_status":"open","sticky":false,"template":"","format":"standard","meta":{"footnotes":""},"categories":[42,36],"tags":[],"class_list":["post-1305","post","type-post","status-publish","format-standard","has-post-thumbnail","hentry","category-ambiente","category-nacionales"],"_links":{"self":[{"href":"https:\/\/alminutonoticia.com\/noticias\/wp-json\/wp\/v2\/posts\/1305","targetHints":{"allow":["GET"]}}],"collection":[{"href":"https:\/\/alminutonoticia.com\/noticias\/wp-json\/wp\/v2\/posts"}],"about":[{"href":"https:\/\/alminutonoticia.com\/noticias\/wp-json\/wp\/v2\/types\/post"}],"author":[{"embeddable":true,"href":"https:\/\/alminutonoticia.com\/noticias\/wp-json\/wp\/v2\/users\/3"}],"replies":[{"embeddable":true,"href":"https:\/\/alminutonoticia.com\/noticias\/wp-json\/wp\/v2\/comments?post=1305"}],"version-history":[{"count":1,"href":"https:\/\/alminutonoticia.com\/noticias\/wp-json\/wp\/v2\/posts\/1305\/revisions"}],"predecessor-version":[{"id":1309,"href":"https:\/\/alminutonoticia.com\/noticias\/wp-json\/wp\/v2\/posts\/1305\/revisions\/1309"}],"wp:featuredmedia":[{"embeddable":true,"href":"https:\/\/alminutonoticia.com\/noticias\/wp-json\/wp\/v2\/media\/1306"}],"wp:attachment":[{"href":"https:\/\/alminutonoticia.com\/noticias\/wp-json\/wp\/v2\/media?parent=1305"}],"wp:term":[{"taxonomy":"category","embeddable":true,"href":"https:\/\/alminutonoticia.com\/noticias\/wp-json\/wp\/v2\/categories?post=1305"},{"taxonomy":"post_tag","embeddable":true,"href":"https:\/\/alminutonoticia.com\/noticias\/wp-json\/wp\/v2\/tags?post=1305"}],"curies":[{"name":"wp","href":"https:\/\/api.w.org\/{rel}","templated":true}]}}