{"id":12988,"date":"2024-10-12T11:47:06","date_gmt":"2024-10-12T11:47:06","guid":{"rendered":"https:\/\/alminutonoticia.com\/noticias\/?p=12988"},"modified":"2024-10-12T11:47:08","modified_gmt":"2024-10-12T11:47:08","slug":"consejo-academico-de-la-universidad-de-panama-se-pronuncia-sobre-autonomia-universitaria","status":"publish","type":"post","link":"https:\/\/alminutonoticia.com\/noticias\/consejo-academico-de-la-universidad-de-panama-se-pronuncia-sobre-autonomia-universitaria\/","title":{"rendered":"Consejo Acad\u00e9mico de la Universidad de Panam\u00e1 se pronuncia sobre autonom\u00eda\u00a0universitaria"},"content":{"rendered":"\n<p>El Consejo Acad\u00e9mico de la Universidad de Panam\u00e1 solicit\u00f3 a la Asamblea Nacional y a la Comisi\u00f3n de Educaci\u00f3n, Cultura y Deportes, que cualquier propuesta de ley que afecte la estructura y funcionamiento de la universidad, debe salir de los universitarios y ser discutida de manera amplia con los estamentos universitarios.<\/p>\n\n\n\n<p>Lo anterior surge como un pronunciamiento ante la intenci\u00f3n de reformas que pretenden modificar la estructura de gobernanza en las universidades p\u00fablicas, as\u00ed como su r\u00e9gimen pol\u00edtico, administrativo y electoral, por lo que este asunto debe ser abordado con el mayor cuidado y respeto hacia la autonom\u00eda universitaria.<\/p>\n\n\n\n<p>\u201cEn caso contrario, no solo se violar\u00edan los principios constitucionales y nuestra Ley Org\u00e1nica, sino que se pondr\u00eda en peligro la estabilidad y el buen funcionamiento de una instituci\u00f3n clave para el desarrollo del pa\u00eds\u201d, anunci\u00f3 la UP.<\/p>\n\n\n\n<p>El dise\u00f1o jur\u00eddico de la Universidad de Panam\u00e1 se encuentra s\u00f3lidamente anclado en la constituci\u00f3n, en el cual los art\u00edculos 99, 103, 104 y 105 de la Carta Magna reconocen y garantizan la autonom\u00eda universitaria, permitiendo a la instituci\u00f3n auto regirse en sus procesos sustantivos como la docencia, la investigaci\u00f3n, la extensi\u00f3n, producci\u00f3n y servicio.<\/p>\n\n\n\n<p>Arguye el Consejo Acad\u00e9mico, a trav\u00e9s de un documento firmado por el rector de la primera casa de estudios, Dr. Eduardo Flores Castro y el secretario general, Mgter. Ricardo Parker, que: \u201cesta autonom\u00eda es una condici\u00f3n indispensable para el desarrollo pleno de la libertad acad\u00e9mica y para garantizar que la universidad pueda cumplir con sus fines de creaci\u00f3n y difusi\u00f3n del conocimiento sin interferencias pol\u00edticas\u201d<\/p>\n\n\n\n<p>De esta manera, reiteran las autoridades universitarias, que cualquier posibilidad de alterar su r\u00e9gimen de gobernanza sin una discusi\u00f3n amplia y profunda entre los miembros de la comunidad universitaria pone en riesgo la capacidad de la universidad para seguir desempe\u00f1ando su papel como referente acad\u00e9mico y social.<\/p>\n\n\n\n<p>\u201cLas universidades p\u00fablicas, en especial la Universidad de Panam\u00e1, no son simples dependencias del Estado; son instituciones con una misi\u00f3n, visi\u00f3n y fines, que garantizan la creaci\u00f3n y transmisi\u00f3n del conocimiento en beneficio de la sociedad\u201d, se\u00f1ala el pronunciamiento.<\/p>\n\n\n\n<p>Asimismo, puntualizan que solo a trav\u00e9s de un proceso democr\u00e1tico, transparente, participativo y respetuoso se podr\u00e1 garantizar que la Universidad de Panam\u00e1 contin\u00fae cumpliendo su misi\u00f3n de formar a las futuras generaciones en libertad, con pensamiento cr\u00edtico y con independencia acad\u00e9mica.<\/p>\n\n\n\n<p>Texto de UP.<\/p>\n\n\n\n<figure class=\"wp-block-image size-full\"><a href=\"https:\/\/alminutonoticia.com\/noticias\/wp-content\/uploads\/2024\/10\/hacia-la-luz-770x470-1.webp\"><img fetchpriority=\"high\" decoding=\"async\" width=\"770\" height=\"470\" src=\"https:\/\/alminutonoticia.com\/noticias\/wp-content\/uploads\/2024\/10\/hacia-la-luz-770x470-1.webp\" alt=\"\" class=\"wp-image-12989\" title=\"\" srcset=\"https:\/\/alminutonoticia.com\/noticias\/wp-content\/uploads\/2024\/10\/hacia-la-luz-770x470-1.webp 770w, https:\/\/alminutonoticia.com\/noticias\/wp-content\/uploads\/2024\/10\/hacia-la-luz-770x470-1-300x183.webp 300w, https:\/\/alminutonoticia.com\/noticias\/wp-content\/uploads\/2024\/10\/hacia-la-luz-770x470-1-768x469.webp 768w\" sizes=\"(max-width: 770px) 100vw, 770px\" \/><\/a><\/figure>\n","protected":false},"excerpt":{"rendered":"<p>El Consejo Acad\u00e9mico de la Universidad de Panam\u00e1 solicit\u00f3 a la Asamblea Nacional y a la Comisi\u00f3n de Educaci\u00f3n, Cultura y Deportes, que cualquier propuesta de ley que afecte la estructura y funcionamiento de la universidad, debe salir de los universitarios y ser discutida de manera amplia con los estamentos universitarios. Lo anterior surge como [&hellip;]<\/p>\n","protected":false},"author":3,"featured_media":12989,"comment_status":"open","ping_status":"open","sticky":false,"template":"","format":"standard","meta":{"footnotes":""},"categories":[36],"tags":[],"class_list":["post-12988","post","type-post","status-publish","format-standard","has-post-thumbnail","hentry","category-nacionales"],"_links":{"self":[{"href":"https:\/\/alminutonoticia.com\/noticias\/wp-json\/wp\/v2\/posts\/12988","targetHints":{"allow":["GET"]}}],"collection":[{"href":"https:\/\/alminutonoticia.com\/noticias\/wp-json\/wp\/v2\/posts"}],"about":[{"href":"https:\/\/alminutonoticia.com\/noticias\/wp-json\/wp\/v2\/types\/post"}],"author":[{"embeddable":true,"href":"https:\/\/alminutonoticia.com\/noticias\/wp-json\/wp\/v2\/users\/3"}],"replies":[{"embeddable":true,"href":"https:\/\/alminutonoticia.com\/noticias\/wp-json\/wp\/v2\/comments?post=12988"}],"version-history":[{"count":1,"href":"https:\/\/alminutonoticia.com\/noticias\/wp-json\/wp\/v2\/posts\/12988\/revisions"}],"predecessor-version":[{"id":12990,"href":"https:\/\/alminutonoticia.com\/noticias\/wp-json\/wp\/v2\/posts\/12988\/revisions\/12990"}],"wp:featuredmedia":[{"embeddable":true,"href":"https:\/\/alminutonoticia.com\/noticias\/wp-json\/wp\/v2\/media\/12989"}],"wp:attachment":[{"href":"https:\/\/alminutonoticia.com\/noticias\/wp-json\/wp\/v2\/media?parent=12988"}],"wp:term":[{"taxonomy":"category","embeddable":true,"href":"https:\/\/alminutonoticia.com\/noticias\/wp-json\/wp\/v2\/categories?post=12988"},{"taxonomy":"post_tag","embeddable":true,"href":"https:\/\/alminutonoticia.com\/noticias\/wp-json\/wp\/v2\/tags?post=12988"}],"curies":[{"name":"wp","href":"https:\/\/api.w.org\/{rel}","templated":true}]}}