{"id":12982,"date":"2024-10-12T11:44:02","date_gmt":"2024-10-12T11:44:02","guid":{"rendered":"https:\/\/alminutonoticia.com\/noticias\/?p=12982"},"modified":"2024-10-12T11:44:04","modified_gmt":"2024-10-12T11:44:04","slug":"manana-12-de-octubre-se-realizara-una-jornada-de-reciclaje-en-crystal-plaza-en-juan-diaz","status":"publish","type":"post","link":"https:\/\/alminutonoticia.com\/noticias\/manana-12-de-octubre-se-realizara-una-jornada-de-reciclaje-en-crystal-plaza-en-juan-diaz\/","title":{"rendered":"Ma\u00f1ana 12 de octubre se realizar\u00e1 una jornada de reciclaje en Crystal Plaza en Juan D\u00edaz\u00a0\u00a0"},"content":{"rendered":"\n<p>Este s\u00e1bado 12 de octubre se realizar\u00e1 una jornada de reciclaje en el Centro Comercial Crystal Plaza en Juan D\u00edaz, frente a Los Pueblos, donde funcionan las oficinas de la direcci\u00f3n de Gesti\u00f3n Ambiental del Alcald\u00eda de Panam\u00e1.<\/p>\n\n\n\n<p>La actividad, que empieza a las 9 de la ma\u00f1ana y se extender\u00e1 hasta la 1 de la tarde, se desarrollar\u00e1 espec\u00edficamente en la entrada principal de la plaza.<\/p>\n\n\n\n<p>Se recibir\u00e1n desechos reciclables de pl\u00e1stico, vidrio, papel y cart\u00f3n; hojalata y latas de aluminio; envases tetrapak, electrodom\u00e9sticos chicos y aceite de cocina usado.<\/p>\n\n\n\n<p>Tambi\u00e9n estar\u00e1 habilitado un servicio de autor\u00e1pido, bajo techo, en beneficio de los ciudadanos que acudan en apoyo de la jornada.<\/p>\n\n\n\n<p>La Alcald\u00eda de Panam\u00e1 mantiene centros de reciclaje en distintos corregimientos de la capital con el prop\u00f3sito de reducir la contaminaci\u00f3n, mejorar la disposici\u00f3n los desechos y aprovecharlos como recurso.<\/p>\n\n\n\n<figure class=\"wp-block-image size-full\"><a href=\"https:\/\/alminutonoticia.com\/noticias\/wp-content\/uploads\/2024\/10\/reciclaje-770x470-1.jpg\"><img fetchpriority=\"high\" decoding=\"async\" width=\"770\" height=\"470\" src=\"https:\/\/alminutonoticia.com\/noticias\/wp-content\/uploads\/2024\/10\/reciclaje-770x470-1.jpg\" alt=\"\" class=\"wp-image-12983\" title=\"\" srcset=\"https:\/\/alminutonoticia.com\/noticias\/wp-content\/uploads\/2024\/10\/reciclaje-770x470-1.jpg 770w, https:\/\/alminutonoticia.com\/noticias\/wp-content\/uploads\/2024\/10\/reciclaje-770x470-1-300x183.jpg 300w, https:\/\/alminutonoticia.com\/noticias\/wp-content\/uploads\/2024\/10\/reciclaje-770x470-1-768x469.jpg 768w\" sizes=\"(max-width: 770px) 100vw, 770px\" \/><\/a><\/figure>\n","protected":false},"excerpt":{"rendered":"<p>Este s\u00e1bado 12 de octubre se realizar\u00e1 una jornada de reciclaje en el Centro Comercial Crystal Plaza en Juan D\u00edaz, frente a Los Pueblos, donde funcionan las oficinas de la direcci\u00f3n de Gesti\u00f3n Ambiental del Alcald\u00eda de Panam\u00e1. La actividad, que empieza a las 9 de la ma\u00f1ana y se extender\u00e1 hasta la 1 de [&hellip;]<\/p>\n","protected":false},"author":3,"featured_media":12983,"comment_status":"open","ping_status":"open","sticky":false,"template":"","format":"standard","meta":{"footnotes":""},"categories":[36],"tags":[],"class_list":["post-12982","post","type-post","status-publish","format-standard","has-post-thumbnail","hentry","category-nacionales"],"_links":{"self":[{"href":"https:\/\/alminutonoticia.com\/noticias\/wp-json\/wp\/v2\/posts\/12982","targetHints":{"allow":["GET"]}}],"collection":[{"href":"https:\/\/alminutonoticia.com\/noticias\/wp-json\/wp\/v2\/posts"}],"about":[{"href":"https:\/\/alminutonoticia.com\/noticias\/wp-json\/wp\/v2\/types\/post"}],"author":[{"embeddable":true,"href":"https:\/\/alminutonoticia.com\/noticias\/wp-json\/wp\/v2\/users\/3"}],"replies":[{"embeddable":true,"href":"https:\/\/alminutonoticia.com\/noticias\/wp-json\/wp\/v2\/comments?post=12982"}],"version-history":[{"count":1,"href":"https:\/\/alminutonoticia.com\/noticias\/wp-json\/wp\/v2\/posts\/12982\/revisions"}],"predecessor-version":[{"id":12984,"href":"https:\/\/alminutonoticia.com\/noticias\/wp-json\/wp\/v2\/posts\/12982\/revisions\/12984"}],"wp:featuredmedia":[{"embeddable":true,"href":"https:\/\/alminutonoticia.com\/noticias\/wp-json\/wp\/v2\/media\/12983"}],"wp:attachment":[{"href":"https:\/\/alminutonoticia.com\/noticias\/wp-json\/wp\/v2\/media?parent=12982"}],"wp:term":[{"taxonomy":"category","embeddable":true,"href":"https:\/\/alminutonoticia.com\/noticias\/wp-json\/wp\/v2\/categories?post=12982"},{"taxonomy":"post_tag","embeddable":true,"href":"https:\/\/alminutonoticia.com\/noticias\/wp-json\/wp\/v2\/tags?post=12982"}],"curies":[{"name":"wp","href":"https:\/\/api.w.org\/{rel}","templated":true}]}}