{"id":12966,"date":"2024-10-12T11:26:52","date_gmt":"2024-10-12T11:26:52","guid":{"rendered":"https:\/\/alminutonoticia.com\/noticias\/?p=12966"},"modified":"2024-10-12T11:31:47","modified_gmt":"2024-10-12T11:31:47","slug":"se-solicita-ayuda-juan-david-garcia-gonzalez-de-16-anos-se-encuentra-desaparecido","status":"publish","type":"post","link":"https:\/\/alminutonoticia.com\/noticias\/se-solicita-ayuda-juan-david-garcia-gonzalez-de-16-anos-se-encuentra-desaparecido\/","title":{"rendered":"\u00a1Se solicita ayuda! Juan David Garc\u00eda Gonz\u00e1lez, de 16 a\u00f1os, se encuentra desaparecido"},"content":{"rendered":"\n<p>Otra Alerta Amber se ha activado. En esta ocasi\u00f3n por el joven Juan David Garc\u00eda Gonz\u00e1lez.<\/p>\n\n\n\n<p>Juan David de 16 a\u00f1os fue visto por \u00faltima vez el pasado 5 de octubre a las 10:51 a. m. en Curund\u00fa en compa\u00f1\u00eda de una joven embarazada en la zona de Curund\u00fa.<\/p>\n\n\n\n<p>El joven tiene una discapacidad auditiva y de habla.<\/p>\n\n\n\n<p>Descripci\u00f3n de Juan David:<\/p>\n\n\n\n<ul class=\"wp-block-list\">\n<li>Cabello: negro, ondulado<\/li>\n\n\n\n<li>Estatura: 1.67 cm<\/li>\n\n\n\n<li>Contextura: delgada<\/li>\n\n\n\n<li>Ojos: negros<\/li>\n\n\n\n<li>Piel: trigue\u00f1a.<\/li>\n\n\n\n<li>Tiene una peque\u00f1a cicatriz en la barbilla, lleva aretes en ambas orejas y tiene las cejas sacadas.<\/li>\n<\/ul>\n\n\n\n<p>Si tiene informaci\u00f3n sobre su paradero, comunicarse al 104 de la Polic\u00eda Nacional.<\/p>\n\n\n\n<figure class=\"wp-block-image size-full\"><a href=\"https:\/\/alminutonoticia.com\/noticias\/wp-content\/uploads\/2024\/10\/perdido-770x470-1.jpeg\"><img fetchpriority=\"high\" decoding=\"async\" width=\"770\" height=\"470\" src=\"https:\/\/alminutonoticia.com\/noticias\/wp-content\/uploads\/2024\/10\/perdido-770x470-1.jpeg\" alt=\"\" class=\"wp-image-12967\" title=\"\" srcset=\"https:\/\/alminutonoticia.com\/noticias\/wp-content\/uploads\/2024\/10\/perdido-770x470-1.jpeg 770w, https:\/\/alminutonoticia.com\/noticias\/wp-content\/uploads\/2024\/10\/perdido-770x470-1-300x183.jpeg 300w, https:\/\/alminutonoticia.com\/noticias\/wp-content\/uploads\/2024\/10\/perdido-770x470-1-768x469.jpeg 768w\" sizes=\"(max-width: 770px) 100vw, 770px\" \/><\/a><\/figure>\n","protected":false},"excerpt":{"rendered":"<p>Otra Alerta Amber se ha activado. En esta ocasi\u00f3n por el joven Juan David Garc\u00eda Gonz\u00e1lez. Juan David de 16 a\u00f1os fue visto por \u00faltima vez el pasado 5 de octubre a las 10:51 a. m. en Curund\u00fa en compa\u00f1\u00eda de una joven embarazada en la zona de Curund\u00fa. El joven tiene una discapacidad auditiva [&hellip;]<\/p>\n","protected":false},"author":3,"featured_media":12967,"comment_status":"open","ping_status":"open","sticky":false,"template":"","format":"standard","meta":{"footnotes":""},"categories":[36],"tags":[],"class_list":["post-12966","post","type-post","status-publish","format-standard","has-post-thumbnail","hentry","category-nacionales"],"_links":{"self":[{"href":"https:\/\/alminutonoticia.com\/noticias\/wp-json\/wp\/v2\/posts\/12966","targetHints":{"allow":["GET"]}}],"collection":[{"href":"https:\/\/alminutonoticia.com\/noticias\/wp-json\/wp\/v2\/posts"}],"about":[{"href":"https:\/\/alminutonoticia.com\/noticias\/wp-json\/wp\/v2\/types\/post"}],"author":[{"embeddable":true,"href":"https:\/\/alminutonoticia.com\/noticias\/wp-json\/wp\/v2\/users\/3"}],"replies":[{"embeddable":true,"href":"https:\/\/alminutonoticia.com\/noticias\/wp-json\/wp\/v2\/comments?post=12966"}],"version-history":[{"count":1,"href":"https:\/\/alminutonoticia.com\/noticias\/wp-json\/wp\/v2\/posts\/12966\/revisions"}],"predecessor-version":[{"id":12968,"href":"https:\/\/alminutonoticia.com\/noticias\/wp-json\/wp\/v2\/posts\/12966\/revisions\/12968"}],"wp:featuredmedia":[{"embeddable":true,"href":"https:\/\/alminutonoticia.com\/noticias\/wp-json\/wp\/v2\/media\/12967"}],"wp:attachment":[{"href":"https:\/\/alminutonoticia.com\/noticias\/wp-json\/wp\/v2\/media?parent=12966"}],"wp:term":[{"taxonomy":"category","embeddable":true,"href":"https:\/\/alminutonoticia.com\/noticias\/wp-json\/wp\/v2\/categories?post=12966"},{"taxonomy":"post_tag","embeddable":true,"href":"https:\/\/alminutonoticia.com\/noticias\/wp-json\/wp\/v2\/tags?post=12966"}],"curies":[{"name":"wp","href":"https:\/\/api.w.org\/{rel}","templated":true}]}}