{"id":12962,"date":"2024-10-12T11:23:55","date_gmt":"2024-10-12T11:23:55","guid":{"rendered":"https:\/\/alminutonoticia.com\/noticias\/?p=12962"},"modified":"2024-10-12T11:23:57","modified_gmt":"2024-10-12T11:23:57","slug":"aprehenden-a-siete-exfuncionarios-y-funcionarios-por-cobro-de-nombramientos-en-el-meduca","status":"publish","type":"post","link":"https:\/\/alminutonoticia.com\/noticias\/aprehenden-a-siete-exfuncionarios-y-funcionarios-por-cobro-de-nombramientos-en-el-meduca\/","title":{"rendered":"Aprehenden a siete exfuncionarios y funcionarios por cobro de nombramientos en el Meduca"},"content":{"rendered":"\n<p>A trav\u00e9s de la operaci\u00f3n Capibara se desarticula un grupo de funcionarios y exfuncionarios del MEDUCA que seg\u00fan previas investigaciones est\u00e1n involucrados en una serie de cobros ilegales por la obtenci\u00f3n de nombramientos dentro del Ministerio de Educaci\u00f3n.<\/p>\n\n\n\n<p>Se trata de m\u00faltiples allanamientos que se desarrollan en las provincias de Panam\u00e1 Oeste, Cocl\u00e9, Herrera, Veraguas, Chiriqu\u00ed y Bocas del Toro, que hasta el momento mantiene un saldo de siete personas aprehendidas.<\/p>\n\n\n\n<p>En el marco de la Operaci\u00f3n 3.0, la Polic\u00eda Nacional en coordinaci\u00f3n con el Ministerio P\u00fablico desarrolla la Operaci\u00f3n Capibara en busca de personas requeridas por delitos Contra la Administraci\u00f3n P\u00fablica en la modalidad de Corrupci\u00f3n de Funcionarios P\u00fablicos.<\/p>\n\n\n\n<figure class=\"wp-block-image size-full\"><a href=\"https:\/\/alminutonoticia.com\/noticias\/wp-content\/uploads\/2024\/10\/meducquin-702x470-1.jpeg\"><img fetchpriority=\"high\" decoding=\"async\" width=\"702\" height=\"470\" src=\"https:\/\/alminutonoticia.com\/noticias\/wp-content\/uploads\/2024\/10\/meducquin-702x470-1.jpeg\" alt=\"\" class=\"wp-image-12963\" title=\"\" srcset=\"https:\/\/alminutonoticia.com\/noticias\/wp-content\/uploads\/2024\/10\/meducquin-702x470-1.jpeg 702w, https:\/\/alminutonoticia.com\/noticias\/wp-content\/uploads\/2024\/10\/meducquin-702x470-1-300x201.jpeg 300w\" sizes=\"(max-width: 702px) 100vw, 702px\" \/><\/a><\/figure>\n","protected":false},"excerpt":{"rendered":"<p>A trav\u00e9s de la operaci\u00f3n Capibara se desarticula un grupo de funcionarios y exfuncionarios del MEDUCA que seg\u00fan previas investigaciones est\u00e1n involucrados en una serie de cobros ilegales por la obtenci\u00f3n de nombramientos dentro del Ministerio de Educaci\u00f3n. Se trata de m\u00faltiples allanamientos que se desarrollan en las provincias de Panam\u00e1 Oeste, Cocl\u00e9, Herrera, Veraguas, [&hellip;]<\/p>\n","protected":false},"author":3,"featured_media":12963,"comment_status":"open","ping_status":"open","sticky":false,"template":"","format":"standard","meta":{"footnotes":""},"categories":[36],"tags":[],"class_list":["post-12962","post","type-post","status-publish","format-standard","has-post-thumbnail","hentry","category-nacionales"],"_links":{"self":[{"href":"https:\/\/alminutonoticia.com\/noticias\/wp-json\/wp\/v2\/posts\/12962","targetHints":{"allow":["GET"]}}],"collection":[{"href":"https:\/\/alminutonoticia.com\/noticias\/wp-json\/wp\/v2\/posts"}],"about":[{"href":"https:\/\/alminutonoticia.com\/noticias\/wp-json\/wp\/v2\/types\/post"}],"author":[{"embeddable":true,"href":"https:\/\/alminutonoticia.com\/noticias\/wp-json\/wp\/v2\/users\/3"}],"replies":[{"embeddable":true,"href":"https:\/\/alminutonoticia.com\/noticias\/wp-json\/wp\/v2\/comments?post=12962"}],"version-history":[{"count":1,"href":"https:\/\/alminutonoticia.com\/noticias\/wp-json\/wp\/v2\/posts\/12962\/revisions"}],"predecessor-version":[{"id":12964,"href":"https:\/\/alminutonoticia.com\/noticias\/wp-json\/wp\/v2\/posts\/12962\/revisions\/12964"}],"wp:featuredmedia":[{"embeddable":true,"href":"https:\/\/alminutonoticia.com\/noticias\/wp-json\/wp\/v2\/media\/12963"}],"wp:attachment":[{"href":"https:\/\/alminutonoticia.com\/noticias\/wp-json\/wp\/v2\/media?parent=12962"}],"wp:term":[{"taxonomy":"category","embeddable":true,"href":"https:\/\/alminutonoticia.com\/noticias\/wp-json\/wp\/v2\/categories?post=12962"},{"taxonomy":"post_tag","embeddable":true,"href":"https:\/\/alminutonoticia.com\/noticias\/wp-json\/wp\/v2\/tags?post=12962"}],"curies":[{"name":"wp","href":"https:\/\/api.w.org\/{rel}","templated":true}]}}