{"id":12948,"date":"2024-10-05T13:25:14","date_gmt":"2024-10-05T13:25:14","guid":{"rendered":"https:\/\/alminutonoticia.com\/noticias\/?p=12948"},"modified":"2024-10-05T13:25:16","modified_gmt":"2024-10-05T13:25:16","slug":"aprehenden-a-giacomo-tamburelli-buscado-por-peculado","status":"publish","type":"post","link":"https:\/\/alminutonoticia.com\/noticias\/aprehenden-a-giacomo-tamburelli-buscado-por-peculado\/","title":{"rendered":"Aprehenden a Giacomo Tamburelli, buscado por peculado"},"content":{"rendered":"\n<p>La Polic\u00eda Nacional inform\u00f3 la noche de este 4 de octubre que en el corregimiento de Anc\u00f3n, hicieron efectiva la aprehensi\u00f3n de Giacomo Tamburelli.<\/p>\n\n\n\n<p>La aprehensi\u00f3n se dio en relaci\u00f3n con cargos por peculado, un delito que persigue a Tamburelli desde hace casi una d\u00e9cada, cuando saltaron a la luz irregularidades en el Programa de Ayuda Nacional (PAN)<\/p>\n\n\n\n<p>Tamburrelli fue condenado a 48 meses de prisi\u00f3n.<\/p>\n\n\n\n<p>La captura ha levantado suspicacias por el tratamiento medi\u00e1tico, al difundirse solo una fotograf\u00eda discreta, en contraste con la exposici\u00f3n p\u00fablica que suelen recibir otros detenidos, incluso por delitos menores.<\/p>\n\n\n\n<figure class=\"wp-block-image size-full\"><a href=\"https:\/\/alminutonoticia.com\/noticias\/wp-content\/uploads\/2024\/10\/cuartetos-770x470-2.jpeg\"><img fetchpriority=\"high\" decoding=\"async\" width=\"770\" height=\"470\" src=\"https:\/\/alminutonoticia.com\/noticias\/wp-content\/uploads\/2024\/10\/cuartetos-770x470-2.jpeg\" alt=\"\" class=\"wp-image-12949\" title=\"\" srcset=\"https:\/\/alminutonoticia.com\/noticias\/wp-content\/uploads\/2024\/10\/cuartetos-770x470-2.jpeg 770w, https:\/\/alminutonoticia.com\/noticias\/wp-content\/uploads\/2024\/10\/cuartetos-770x470-2-300x183.jpeg 300w, https:\/\/alminutonoticia.com\/noticias\/wp-content\/uploads\/2024\/10\/cuartetos-770x470-2-768x469.jpeg 768w\" sizes=\"(max-width: 770px) 100vw, 770px\" \/><\/a><\/figure>\n","protected":false},"excerpt":{"rendered":"<p>La Polic\u00eda Nacional inform\u00f3 la noche de este 4 de octubre que en el corregimiento de Anc\u00f3n, hicieron efectiva la aprehensi\u00f3n de Giacomo Tamburelli. La aprehensi\u00f3n se dio en relaci\u00f3n con cargos por peculado, un delito que persigue a Tamburelli desde hace casi una d\u00e9cada, cuando saltaron a la luz irregularidades en el Programa de [&hellip;]<\/p>\n","protected":false},"author":3,"featured_media":12949,"comment_status":"open","ping_status":"open","sticky":false,"template":"","format":"standard","meta":{"footnotes":""},"categories":[36],"tags":[],"class_list":["post-12948","post","type-post","status-publish","format-standard","has-post-thumbnail","hentry","category-nacionales"],"_links":{"self":[{"href":"https:\/\/alminutonoticia.com\/noticias\/wp-json\/wp\/v2\/posts\/12948","targetHints":{"allow":["GET"]}}],"collection":[{"href":"https:\/\/alminutonoticia.com\/noticias\/wp-json\/wp\/v2\/posts"}],"about":[{"href":"https:\/\/alminutonoticia.com\/noticias\/wp-json\/wp\/v2\/types\/post"}],"author":[{"embeddable":true,"href":"https:\/\/alminutonoticia.com\/noticias\/wp-json\/wp\/v2\/users\/3"}],"replies":[{"embeddable":true,"href":"https:\/\/alminutonoticia.com\/noticias\/wp-json\/wp\/v2\/comments?post=12948"}],"version-history":[{"count":1,"href":"https:\/\/alminutonoticia.com\/noticias\/wp-json\/wp\/v2\/posts\/12948\/revisions"}],"predecessor-version":[{"id":12950,"href":"https:\/\/alminutonoticia.com\/noticias\/wp-json\/wp\/v2\/posts\/12948\/revisions\/12950"}],"wp:featuredmedia":[{"embeddable":true,"href":"https:\/\/alminutonoticia.com\/noticias\/wp-json\/wp\/v2\/media\/12949"}],"wp:attachment":[{"href":"https:\/\/alminutonoticia.com\/noticias\/wp-json\/wp\/v2\/media?parent=12948"}],"wp:term":[{"taxonomy":"category","embeddable":true,"href":"https:\/\/alminutonoticia.com\/noticias\/wp-json\/wp\/v2\/categories?post=12948"},{"taxonomy":"post_tag","embeddable":true,"href":"https:\/\/alminutonoticia.com\/noticias\/wp-json\/wp\/v2\/tags?post=12948"}],"curies":[{"name":"wp","href":"https:\/\/api.w.org\/{rel}","templated":true}]}}