{"id":12945,"date":"2024-10-05T13:23:08","date_gmt":"2024-10-05T13:23:08","guid":{"rendered":"https:\/\/alminutonoticia.com\/noticias\/?p=12945"},"modified":"2024-10-05T13:23:10","modified_gmt":"2024-10-05T13:23:10","slug":"meduca-presenta-segunda-denuncia-tras-descurbirse-que-126-fallecidos-recibieron-pago","status":"publish","type":"post","link":"https:\/\/alminutonoticia.com\/noticias\/meduca-presenta-segunda-denuncia-tras-descurbirse-que-126-fallecidos-recibieron-pago\/","title":{"rendered":"Meduca presenta segunda denuncia tras descurbirse que 126 fallecidos recibieron pago"},"content":{"rendered":"\n<p>El viceministro de Educaci\u00f3n Roberto Sevillano, present\u00f3 una segunda denuncia tras descubrirse que 126 personas fallecidas segu\u00edan recibiendo pagos en la planilla del Ministerio de Educaci\u00f3n (Meduca).<\/p>\n\n\n\n<p>La denuncia, que valida lo revelado en exclusiva ayer por el medio InformaTPanam\u00e1, confirma el desfalco a las finanzas p\u00fablicas mediante un esquema que permit\u00eda el desembolso de salarios a ciudadanos registrados como fallecidos.<\/p>\n\n\n\n<p>Seg\u00fan explic\u00f3 el viceministro, la investigaci\u00f3n fue posible gracias al apoyo del Tribunal Electoral, que cotej\u00f3 los datos con el registro civil, revelando esta grave irregularidad.<\/p>\n\n\n\n<p>El proceso de revisi\u00f3n permiti\u00f3 identificar los pagos indebidos, levantando serias dudas sobre la supervisi\u00f3n interna del ministerio y los controles fiscales en la instituci\u00f3n.<\/p>\n\n\n\n<figure class=\"wp-block-image size-full\"><a href=\"https:\/\/alminutonoticia.com\/noticias\/wp-content\/uploads\/2024\/10\/meducasss.jpeg\"><img fetchpriority=\"high\" decoding=\"async\" width=\"750\" height=\"470\" src=\"https:\/\/alminutonoticia.com\/noticias\/wp-content\/uploads\/2024\/10\/meducasss.jpeg\" alt=\"\" class=\"wp-image-12946\" title=\"\" srcset=\"https:\/\/alminutonoticia.com\/noticias\/wp-content\/uploads\/2024\/10\/meducasss.jpeg 750w, https:\/\/alminutonoticia.com\/noticias\/wp-content\/uploads\/2024\/10\/meducasss-300x188.jpeg 300w\" sizes=\"(max-width: 750px) 100vw, 750px\" \/><\/a><\/figure>\n","protected":false},"excerpt":{"rendered":"<p>El viceministro de Educaci\u00f3n Roberto Sevillano, present\u00f3 una segunda denuncia tras descubrirse que 126 personas fallecidas segu\u00edan recibiendo pagos en la planilla del Ministerio de Educaci\u00f3n (Meduca). La denuncia, que valida lo revelado en exclusiva ayer por el medio InformaTPanam\u00e1, confirma el desfalco a las finanzas p\u00fablicas mediante un esquema que permit\u00eda el desembolso de [&hellip;]<\/p>\n","protected":false},"author":3,"featured_media":12946,"comment_status":"open","ping_status":"open","sticky":false,"template":"","format":"standard","meta":{"footnotes":""},"categories":[36],"tags":[],"class_list":["post-12945","post","type-post","status-publish","format-standard","has-post-thumbnail","hentry","category-nacionales"],"_links":{"self":[{"href":"https:\/\/alminutonoticia.com\/noticias\/wp-json\/wp\/v2\/posts\/12945","targetHints":{"allow":["GET"]}}],"collection":[{"href":"https:\/\/alminutonoticia.com\/noticias\/wp-json\/wp\/v2\/posts"}],"about":[{"href":"https:\/\/alminutonoticia.com\/noticias\/wp-json\/wp\/v2\/types\/post"}],"author":[{"embeddable":true,"href":"https:\/\/alminutonoticia.com\/noticias\/wp-json\/wp\/v2\/users\/3"}],"replies":[{"embeddable":true,"href":"https:\/\/alminutonoticia.com\/noticias\/wp-json\/wp\/v2\/comments?post=12945"}],"version-history":[{"count":1,"href":"https:\/\/alminutonoticia.com\/noticias\/wp-json\/wp\/v2\/posts\/12945\/revisions"}],"predecessor-version":[{"id":12947,"href":"https:\/\/alminutonoticia.com\/noticias\/wp-json\/wp\/v2\/posts\/12945\/revisions\/12947"}],"wp:featuredmedia":[{"embeddable":true,"href":"https:\/\/alminutonoticia.com\/noticias\/wp-json\/wp\/v2\/media\/12946"}],"wp:attachment":[{"href":"https:\/\/alminutonoticia.com\/noticias\/wp-json\/wp\/v2\/media?parent=12945"}],"wp:term":[{"taxonomy":"category","embeddable":true,"href":"https:\/\/alminutonoticia.com\/noticias\/wp-json\/wp\/v2\/categories?post=12945"},{"taxonomy":"post_tag","embeddable":true,"href":"https:\/\/alminutonoticia.com\/noticias\/wp-json\/wp\/v2\/tags?post=12945"}],"curies":[{"name":"wp","href":"https:\/\/api.w.org\/{rel}","templated":true}]}}