{"id":12939,"date":"2024-10-05T13:18:52","date_gmt":"2024-10-05T13:18:52","guid":{"rendered":"https:\/\/alminutonoticia.com\/noticias\/?p=12939"},"modified":"2024-10-05T13:18:54","modified_gmt":"2024-10-05T13:18:54","slug":"lanzan-campana-nacional-de-autoexamen-de-mama","status":"publish","type":"post","link":"https:\/\/alminutonoticia.com\/noticias\/lanzan-campana-nacional-de-autoexamen-de-mama\/","title":{"rendered":"Lanzan \u2018Campa\u00f1a nacional de autoexamen de mama\u2019"},"content":{"rendered":"\n<p>La Direcci\u00f3n Nacional de Enfermer\u00eda del Ministerio de Salud, lanz\u00f3 la \u201cCampa\u00f1a nacional de autoexamen de mamas\u201d, con el objetivo de guiar a las mujeres para que con sus manos puedan detectar de manera temprana el c\u00e1ncer de mama.<\/p>\n\n\n\n<p>Eusebia de Copete, jefa nacional de Enfermeras del Minsa, manifest\u00f3 que con esta campa\u00f1a se busca crear conciencia de la importancia de la detecci\u00f3n temprana de c\u00e1ncer de mama a trav\u00e9s del autoexamen.<\/p>\n\n\n\n<p>Copete indic\u00f3 que actualmente hay 4,134 casos de c\u00e1ncer de mama, siendo las provincias de Panam\u00e1, Panam\u00e1 Oeste, Col\u00f3n y Chiriqu\u00ed con m\u00e1s casos.<\/p>\n\n\n\n<p>Se\u00f1al\u00f3 que el c\u00e1ncer de mama no solamente se registra en mujeres sino tambi\u00e9n en hombres. Asimismo, llam\u00f3 a los hombres a practicarse el examen de pr\u00f3stata a partir de los 40 a\u00f1os \u201cen Panam\u00e1 por a\u00f1o se<br>reportan m\u00e1s de 500 casos de c\u00e1ncer de pr\u00f3stata\u201d, sostuvo Miss Copete.<\/p>\n\n\n\n<p>\u201cEsta campa\u00f1a se realizar\u00e1 durante todo el mes de octubre reforzando con esta medida la detecci\u00f3n temprana del c\u00e1ncer y salvar vidas\u201d, agreg\u00f3 Miss Copete.<\/p>\n\n\n\n<p>Karen Holder, directora de Provisi\u00f3n de los Servicios de la Salud, sostuvo que la entidad cuenta actualmente con 20 mam\u00f3grafos que est\u00e1n activos durante todo el a\u00f1o, pero que en este mes en el marco de la cinta rosada y celeste se intensificar\u00e1 la asistencia con la dotaci\u00f3n de m\u00e1s equipo.<\/p>\n\n\n\n<p>La licenciada Oris Ruiz, enfermera del Plan Nacional de C\u00e1ncer, reiter\u00f3 que el autoexamen de mama es una herramienta valiosa en el cuidado de la mujer paname\u00f1a porque permite adem\u00e1s a detectar otro tipo de patolog\u00edas.<\/p>\n\n\n\n<p>\u201cDebemos tener una alimentaci\u00f3n saludable, realizar actividad f\u00edsica, evitar el consumo tabaco y alcohol, y exponernos a sustancias que son carcinog\u00e9nicas que puedan alterar nuestra c\u00e9lula y generar<br>posteriormente esta terrible enfermedad\u201d finaliz\u00f3 Ruiz.<\/p>\n\n\n\n<p>El Ministerio de Salud hace el llamado a la poblaci\u00f3n a asistir y participar en las actividades que se estar\u00e1n llevando a cabo durante todo el mes de octubre en el marco de la campa\u00f1a de la cinta rosada contra al<br>c\u00e1ncer de mama y pr\u00f3stata.<\/p>\n\n\n\n<figure class=\"wp-block-image size-full\"><a href=\"https:\/\/alminutonoticia.com\/noticias\/wp-content\/uploads\/2024\/10\/enfermeras-770x470-1.jpeg\"><img fetchpriority=\"high\" decoding=\"async\" width=\"770\" height=\"470\" src=\"https:\/\/alminutonoticia.com\/noticias\/wp-content\/uploads\/2024\/10\/enfermeras-770x470-1.jpeg\" alt=\"\" class=\"wp-image-12940\" title=\"\" srcset=\"https:\/\/alminutonoticia.com\/noticias\/wp-content\/uploads\/2024\/10\/enfermeras-770x470-1.jpeg 770w, https:\/\/alminutonoticia.com\/noticias\/wp-content\/uploads\/2024\/10\/enfermeras-770x470-1-300x183.jpeg 300w, https:\/\/alminutonoticia.com\/noticias\/wp-content\/uploads\/2024\/10\/enfermeras-770x470-1-768x469.jpeg 768w\" sizes=\"(max-width: 770px) 100vw, 770px\" \/><\/a><\/figure>\n","protected":false},"excerpt":{"rendered":"<p>La Direcci\u00f3n Nacional de Enfermer\u00eda del Ministerio de Salud, lanz\u00f3 la \u201cCampa\u00f1a nacional de autoexamen de mamas\u201d, con el objetivo de guiar a las mujeres para que con sus manos puedan detectar de manera temprana el c\u00e1ncer de mama. Eusebia de Copete, jefa nacional de Enfermeras del Minsa, manifest\u00f3 que con esta campa\u00f1a se busca [&hellip;]<\/p>\n","protected":false},"author":3,"featured_media":12940,"comment_status":"open","ping_status":"open","sticky":false,"template":"","format":"standard","meta":{"footnotes":""},"categories":[36,45],"tags":[],"class_list":["post-12939","post","type-post","status-publish","format-standard","has-post-thumbnail","hentry","category-nacionales","category-salud"],"_links":{"self":[{"href":"https:\/\/alminutonoticia.com\/noticias\/wp-json\/wp\/v2\/posts\/12939","targetHints":{"allow":["GET"]}}],"collection":[{"href":"https:\/\/alminutonoticia.com\/noticias\/wp-json\/wp\/v2\/posts"}],"about":[{"href":"https:\/\/alminutonoticia.com\/noticias\/wp-json\/wp\/v2\/types\/post"}],"author":[{"embeddable":true,"href":"https:\/\/alminutonoticia.com\/noticias\/wp-json\/wp\/v2\/users\/3"}],"replies":[{"embeddable":true,"href":"https:\/\/alminutonoticia.com\/noticias\/wp-json\/wp\/v2\/comments?post=12939"}],"version-history":[{"count":1,"href":"https:\/\/alminutonoticia.com\/noticias\/wp-json\/wp\/v2\/posts\/12939\/revisions"}],"predecessor-version":[{"id":12941,"href":"https:\/\/alminutonoticia.com\/noticias\/wp-json\/wp\/v2\/posts\/12939\/revisions\/12941"}],"wp:featuredmedia":[{"embeddable":true,"href":"https:\/\/alminutonoticia.com\/noticias\/wp-json\/wp\/v2\/media\/12940"}],"wp:attachment":[{"href":"https:\/\/alminutonoticia.com\/noticias\/wp-json\/wp\/v2\/media?parent=12939"}],"wp:term":[{"taxonomy":"category","embeddable":true,"href":"https:\/\/alminutonoticia.com\/noticias\/wp-json\/wp\/v2\/categories?post=12939"},{"taxonomy":"post_tag","embeddable":true,"href":"https:\/\/alminutonoticia.com\/noticias\/wp-json\/wp\/v2\/tags?post=12939"}],"curies":[{"name":"wp","href":"https:\/\/api.w.org\/{rel}","templated":true}]}}