{"id":12924,"date":"2024-10-05T13:11:32","date_gmt":"2024-10-05T13:11:32","guid":{"rendered":"https:\/\/alminutonoticia.com\/noticias\/?p=12924"},"modified":"2024-10-05T13:11:34","modified_gmt":"2024-10-05T13:11:34","slug":"venezolanos-en-panama-podran-realizar-tramites-con-pasaporte-vencido","status":"publish","type":"post","link":"https:\/\/alminutonoticia.com\/noticias\/venezolanos-en-panama-podran-realizar-tramites-con-pasaporte-vencido\/","title":{"rendered":"Venezolanos en Panam\u00e1 podr\u00e1n realizar tr\u00e1mites con pasaporte vencido"},"content":{"rendered":"\n<p>El presidente Jos\u00e9 Ra\u00fal Mulino anunci\u00f3 en su m\u00e1s reciente conferencia de prensa un nuevo decreto que permitir\u00e1 a los ciudadanos venezolanos en Panam\u00e1 realizar tr\u00e1mites en oficinas p\u00fablicas utilizando pasaportes vencidos por un periodo de seis meses.<\/p>\n\n\n\n<p>Esta medida surge en el contexto de la crisis migratoria y las tensiones diplom\u00e1ticas entre Panam\u00e1 y Venezuela, las cuales se agudizaron tras el retiro de los embajadores de ambos pa\u00edses.<\/p>\n\n\n\n<p>La decisi\u00f3n busca aliviar la carga burocr\u00e1tica de miles de venezolanos en el pa\u00eds, quienes enfrentan dificultades para renovar sus documentos debido a la inestabilidad en su pa\u00eds de origen.<\/p>\n\n\n\n<p>Este decreto responde no solo a la situaci\u00f3n migratoria, sino tambi\u00e9n a la postura pol\u00edtica de Mulino en torno a Venezuela. Panam\u00e1 ha sido un fuerte cr\u00edtico del r\u00e9gimen de Nicol\u00e1s Maduro, respaldando a la oposici\u00f3n venezolana y reclamando mayores sanciones internacionales contra el gobierno de Caracas.<\/p>\n\n\n\n<figure class=\"wp-block-image size-full\"><a href=\"https:\/\/alminutonoticia.com\/noticias\/wp-content\/uploads\/2024\/10\/vene-.jpg\"><img fetchpriority=\"high\" decoding=\"async\" width=\"480\" height=\"346\" src=\"https:\/\/alminutonoticia.com\/noticias\/wp-content\/uploads\/2024\/10\/vene-.jpg\" alt=\"\" class=\"wp-image-12925\" title=\"\" srcset=\"https:\/\/alminutonoticia.com\/noticias\/wp-content\/uploads\/2024\/10\/vene-.jpg 480w, https:\/\/alminutonoticia.com\/noticias\/wp-content\/uploads\/2024\/10\/vene--300x216.jpg 300w\" sizes=\"(max-width: 480px) 100vw, 480px\" \/><\/a><\/figure>\n","protected":false},"excerpt":{"rendered":"<p>El presidente Jos\u00e9 Ra\u00fal Mulino anunci\u00f3 en su m\u00e1s reciente conferencia de prensa un nuevo decreto que permitir\u00e1 a los ciudadanos venezolanos en Panam\u00e1 realizar tr\u00e1mites en oficinas p\u00fablicas utilizando pasaportes vencidos por un periodo de seis meses. Esta medida surge en el contexto de la crisis migratoria y las tensiones diplom\u00e1ticas entre Panam\u00e1 y [&hellip;]<\/p>\n","protected":false},"author":3,"featured_media":12925,"comment_status":"open","ping_status":"open","sticky":false,"template":"","format":"standard","meta":{"footnotes":""},"categories":[39,36],"tags":[],"class_list":["post-12924","post","type-post","status-publish","format-standard","has-post-thumbnail","hentry","category-internacionales","category-nacionales"],"_links":{"self":[{"href":"https:\/\/alminutonoticia.com\/noticias\/wp-json\/wp\/v2\/posts\/12924","targetHints":{"allow":["GET"]}}],"collection":[{"href":"https:\/\/alminutonoticia.com\/noticias\/wp-json\/wp\/v2\/posts"}],"about":[{"href":"https:\/\/alminutonoticia.com\/noticias\/wp-json\/wp\/v2\/types\/post"}],"author":[{"embeddable":true,"href":"https:\/\/alminutonoticia.com\/noticias\/wp-json\/wp\/v2\/users\/3"}],"replies":[{"embeddable":true,"href":"https:\/\/alminutonoticia.com\/noticias\/wp-json\/wp\/v2\/comments?post=12924"}],"version-history":[{"count":1,"href":"https:\/\/alminutonoticia.com\/noticias\/wp-json\/wp\/v2\/posts\/12924\/revisions"}],"predecessor-version":[{"id":12926,"href":"https:\/\/alminutonoticia.com\/noticias\/wp-json\/wp\/v2\/posts\/12924\/revisions\/12926"}],"wp:featuredmedia":[{"embeddable":true,"href":"https:\/\/alminutonoticia.com\/noticias\/wp-json\/wp\/v2\/media\/12925"}],"wp:attachment":[{"href":"https:\/\/alminutonoticia.com\/noticias\/wp-json\/wp\/v2\/media?parent=12924"}],"wp:term":[{"taxonomy":"category","embeddable":true,"href":"https:\/\/alminutonoticia.com\/noticias\/wp-json\/wp\/v2\/categories?post=12924"},{"taxonomy":"post_tag","embeddable":true,"href":"https:\/\/alminutonoticia.com\/noticias\/wp-json\/wp\/v2\/tags?post=12924"}],"curies":[{"name":"wp","href":"https:\/\/api.w.org\/{rel}","templated":true}]}}