{"id":12901,"date":"2024-10-02T11:59:43","date_gmt":"2024-10-02T11:59:43","guid":{"rendered":"https:\/\/alminutonoticia.com\/noticias\/?p=12901"},"modified":"2024-10-02T11:59:46","modified_gmt":"2024-10-02T11:59:46","slug":"panama-se-solidariza-con-israel-ante-el-ataque-conmisiles-balisticos","status":"publish","type":"post","link":"https:\/\/alminutonoticia.com\/noticias\/panama-se-solidariza-con-israel-ante-el-ataque-conmisiles-balisticos\/","title":{"rendered":"Panam\u00e1 se solidariza con Israel ante el ataque conmisiles bal\u00edsticos\u00a0\u00a0"},"content":{"rendered":"\n<p>El Ministerio de Relaciones Exteriores emiti\u00f3 un comunicado en el que expresa que la Rep\u00fablica de Panam\u00e1, a la luz del reciente ataque con misiles bal\u00edsticos contra Israel, se solidariza plenamente con el pueblo de Israel. \u00abLa continua amenaza a su soberan\u00eda y la seguridad de sus ciudadanos es profundamente preocupante\u00bb , detalla.<\/p>\n\n\n\n<p>\u00abComo naci\u00f3n firmemente comprometida con los principios de la paz, los derechos humanos y el respeto al derecho internacional y al derecho internacional humanitario, Panam\u00e1 hace un llamado urgente a todas las partes involucradas, a que cesen el uso indiscriminado de la fuerza y a que ejerzan la m\u00e1xima moderaci\u00f3n\u00bb, agrega.<\/p>\n\n\n\n<p>Sostiene que en este momento cr\u00edtico, el rol constructivo de la comunidad internacional es determinante para lograr un esfuerzo concertado a favor de un inmediato cese al fuego y de promover acciones efectivas que conduzcan a estabilizar esa regi\u00f3n.<\/p>\n\n\n\n<p>\u00abReafirmamos nuestro compromiso inquebrantable con la paz, la seguridad y el bienestar de todos los pueblos de Oriente Medio\u00bb, concluye el comunicado.<\/p>\n\n\n\n<p>Este martes Ir\u00e1n lanz\u00f3 un ataque con m\u00e1s de 200 misiles bal\u00edsticos contra las ciudades de Tel Aviv y Jerusal\u00e9n, inform\u00f3 el Ej\u00e9rcito israel\u00ed. El ataque supone&nbsp;una escalada del conflicto en Oriente Medio.&nbsp;<\/p>\n\n\n\n<figure class=\"wp-block-image size-full\"><a href=\"https:\/\/alminutonoticia.com\/noticias\/wp-content\/uploads\/2024\/10\/vinco-770x470-1.jpeg\"><img fetchpriority=\"high\" decoding=\"async\" width=\"770\" height=\"470\" src=\"https:\/\/alminutonoticia.com\/noticias\/wp-content\/uploads\/2024\/10\/vinco-770x470-1.jpeg\" alt=\"\" class=\"wp-image-12902\" title=\"\" srcset=\"https:\/\/alminutonoticia.com\/noticias\/wp-content\/uploads\/2024\/10\/vinco-770x470-1.jpeg 770w, https:\/\/alminutonoticia.com\/noticias\/wp-content\/uploads\/2024\/10\/vinco-770x470-1-300x183.jpeg 300w, https:\/\/alminutonoticia.com\/noticias\/wp-content\/uploads\/2024\/10\/vinco-770x470-1-768x469.jpeg 768w\" sizes=\"(max-width: 770px) 100vw, 770px\" \/><\/a><\/figure>\n","protected":false},"excerpt":{"rendered":"<p>El Ministerio de Relaciones Exteriores emiti\u00f3 un comunicado en el que expresa que la Rep\u00fablica de Panam\u00e1, a la luz del reciente ataque con misiles bal\u00edsticos contra Israel, se solidariza plenamente con el pueblo de Israel. \u00abLa continua amenaza a su soberan\u00eda y la seguridad de sus ciudadanos es profundamente preocupante\u00bb , detalla. \u00abComo naci\u00f3n [&hellip;]<\/p>\n","protected":false},"author":3,"featured_media":12902,"comment_status":"open","ping_status":"open","sticky":false,"template":"","format":"standard","meta":{"footnotes":""},"categories":[39,36],"tags":[],"class_list":["post-12901","post","type-post","status-publish","format-standard","has-post-thumbnail","hentry","category-internacionales","category-nacionales"],"_links":{"self":[{"href":"https:\/\/alminutonoticia.com\/noticias\/wp-json\/wp\/v2\/posts\/12901","targetHints":{"allow":["GET"]}}],"collection":[{"href":"https:\/\/alminutonoticia.com\/noticias\/wp-json\/wp\/v2\/posts"}],"about":[{"href":"https:\/\/alminutonoticia.com\/noticias\/wp-json\/wp\/v2\/types\/post"}],"author":[{"embeddable":true,"href":"https:\/\/alminutonoticia.com\/noticias\/wp-json\/wp\/v2\/users\/3"}],"replies":[{"embeddable":true,"href":"https:\/\/alminutonoticia.com\/noticias\/wp-json\/wp\/v2\/comments?post=12901"}],"version-history":[{"count":1,"href":"https:\/\/alminutonoticia.com\/noticias\/wp-json\/wp\/v2\/posts\/12901\/revisions"}],"predecessor-version":[{"id":12903,"href":"https:\/\/alminutonoticia.com\/noticias\/wp-json\/wp\/v2\/posts\/12901\/revisions\/12903"}],"wp:featuredmedia":[{"embeddable":true,"href":"https:\/\/alminutonoticia.com\/noticias\/wp-json\/wp\/v2\/media\/12902"}],"wp:attachment":[{"href":"https:\/\/alminutonoticia.com\/noticias\/wp-json\/wp\/v2\/media?parent=12901"}],"wp:term":[{"taxonomy":"category","embeddable":true,"href":"https:\/\/alminutonoticia.com\/noticias\/wp-json\/wp\/v2\/categories?post=12901"},{"taxonomy":"post_tag","embeddable":true,"href":"https:\/\/alminutonoticia.com\/noticias\/wp-json\/wp\/v2\/tags?post=12901"}],"curies":[{"name":"wp","href":"https:\/\/api.w.org\/{rel}","templated":true}]}}