{"id":12895,"date":"2024-10-02T11:55:57","date_gmt":"2024-10-02T11:55:57","guid":{"rendered":"https:\/\/alminutonoticia.com\/noticias\/?p=12895"},"modified":"2024-10-02T11:56:00","modified_gmt":"2024-10-02T11:56:00","slug":"designan-a-luis-carlos-gomez-procurador-general-de-la-nacion-y-a-grettel-villalaz-procuradora-de-la-administracion","status":"publish","type":"post","link":"https:\/\/alminutonoticia.com\/noticias\/designan-a-luis-carlos-gomez-procurador-general-de-la-nacion-y-a-grettel-villalaz-procuradora-de-la-administracion\/","title":{"rendered":"Designan a Luis Carlos G\u00f3mez procurador general de la Naci\u00f3n y a Grettel Villalaz, procuradora de la Administraci\u00f3n"},"content":{"rendered":"\n<p>El Consejo de Gabinete, encabezado por el presidente, Jos\u00e9 Ra\u00fal Mulino, design\u00f3 hoy a Luis Carlos Manuel G\u00f3mez Rudy para el cargo de procurador general de la Naci\u00f3n y a Grettel Villalaz de Allen, procuradora de la Administraci\u00f3n, tras el vencimiento del periodo de los actuales procuradores, Javier Caraballo y Rigoberto Gonz\u00e1lez.<\/p>\n\n\n\n<p>G\u00f3mez Rudy es licenciado en Derecho y Ciencias Pol\u00edticas por la Universidad de Panam\u00e1 y en Contabilidad, por la Universidad Especializada del Contador P\u00fablico Autorizado (UNESCPA). &nbsp;<br>Como abogado, G\u00f3mez tiene m\u00e1s de 21 a\u00f1os de experiencia con especial desempe\u00f1o en el litigio penal.<\/p>\n\n\n\n<p>En el \u00e1mbito acad\u00e9mico, tambi\u00e9n cuenta con una maestr\u00eda en Derecho Mar\u00edtimo de la Universidad de Southampton en Inglaterra, una maestr\u00eda en Gerencia del Transporte Multimodal de la Universidad Interamericana de Panam\u00e1 y un doctorado en Derecho Constitucional de la Universidad Iberoamericana Internacional.<br>&nbsp;<br>G\u00f3mez acredita tambi\u00e9n tres posgrados, en Administraci\u00f3n de Empresas de la Universidad Interamericana de Panam\u00e1; en Derecho Penal, de la Universidad de Salamanca en Espa\u00f1a; y en Mediaci\u00f3n de la Universidad de Panam\u00e1 en conjunto con el Instituto Interamericano de Mediaci\u00f3n, Negociaci\u00f3n y Arbitraje de Panam\u00e1.<br>&nbsp;<br>En el plano profesional, G\u00f3mez ha ocupado la posici\u00f3n de abogado II en la Secretar\u00eda de Asuntos Internacionales y abogado II en la Secretar\u00eda de Asuntos Jur\u00eddicos de la Procuradur\u00eda General de la Naci\u00f3n; y asesor legal en el Ministerio de la Presidencia. Tambi\u00e9n se ha desempe\u00f1ado como abogado en &nbsp;G&amp;B Law Firm.<br>&nbsp;<br>En tanto, la procuradora de la Administraci\u00f3n designada, Grettel Villalaz de Allen, es licenciada en Derecho y Ciencias Pol\u00edticas por la Universidad de Panam\u00e1, con maestr\u00eda en Derecho con Especializaci\u00f3n en Ciencias Penales, tambi\u00e9n de la Universidad de Panam\u00e1.<br>&nbsp;<br>Villalaz de Allen es especialista en docencia superior, y en entornos virtuales de aprendizaje, ambos en la Universidad de Panam\u00e1. Tambi\u00e9n cuenta con un curso de operadores del Sistema Penal Acusatorio, en el Instituto Superior de la Judicatura de Panam\u00e1.<br>&nbsp;<br>En la parte profesional, Villalaz de Allen se ha desempe\u00f1ado como asesora de cr\u00e9dito p\u00fablico y en el Consejo Econ\u00f3mico Nacional en el Ministerio de Econom\u00eda y Finanzas. En esta entidad, tambi\u00e9n fue designada en la Comisi\u00f3n Evaluadora Presidencial de los Actos P\u00fablicos del Estado.<br>&nbsp;<br>Villalaz de Allen tambi\u00e9n ocup\u00f3 el cargo de viceministra de Obras P\u00fablicas y presidenta de la Junta Directiva de Valorizaci\u00f3n.<\/p>\n\n\n\n<p>En esta entidad, fue designada representante ante la Junta Directiva del IDAAN y encargada del programa vial para el mantenimiento de la red vial de la Rep\u00fablica.<\/p>\n\n\n\n<p>Fue directora nacional de Asesor\u00eda Legal en el Ministerio de Gobierno y Justicia, &nbsp;el Ministerio de Seguridad, la Polic\u00eda Nacional y la Autoridad Nacional del Ambiente. Tambi\u00e9n ejerci\u00f3 como asesora en el Consejo de Seguridad y abogada de la firma Villalaz y Asociados.<\/p>\n\n\n\n<figure class=\"wp-block-image size-full\"><a href=\"https:\/\/alminutonoticia.com\/noticias\/wp-content\/uploads\/2024\/10\/procuradoresss-770x470-1.jpeg\"><img fetchpriority=\"high\" decoding=\"async\" width=\"770\" height=\"470\" src=\"https:\/\/alminutonoticia.com\/noticias\/wp-content\/uploads\/2024\/10\/procuradoresss-770x470-1.jpeg\" alt=\"\" class=\"wp-image-12896\" title=\"\" srcset=\"https:\/\/alminutonoticia.com\/noticias\/wp-content\/uploads\/2024\/10\/procuradoresss-770x470-1.jpeg 770w, https:\/\/alminutonoticia.com\/noticias\/wp-content\/uploads\/2024\/10\/procuradoresss-770x470-1-300x183.jpeg 300w, https:\/\/alminutonoticia.com\/noticias\/wp-content\/uploads\/2024\/10\/procuradoresss-770x470-1-768x469.jpeg 768w\" sizes=\"(max-width: 770px) 100vw, 770px\" \/><\/a><\/figure>\n","protected":false},"excerpt":{"rendered":"<p>El Consejo de Gabinete, encabezado por el presidente, Jos\u00e9 Ra\u00fal Mulino, design\u00f3 hoy a Luis Carlos Manuel G\u00f3mez Rudy para el cargo de procurador general de la Naci\u00f3n y a Grettel Villalaz de Allen, procuradora de la Administraci\u00f3n, tras el vencimiento del periodo de los actuales procuradores, Javier Caraballo y Rigoberto Gonz\u00e1lez. G\u00f3mez Rudy es [&hellip;]<\/p>\n","protected":false},"author":3,"featured_media":12896,"comment_status":"open","ping_status":"open","sticky":false,"template":"","format":"standard","meta":{"footnotes":""},"categories":[36],"tags":[],"class_list":["post-12895","post","type-post","status-publish","format-standard","has-post-thumbnail","hentry","category-nacionales"],"_links":{"self":[{"href":"https:\/\/alminutonoticia.com\/noticias\/wp-json\/wp\/v2\/posts\/12895","targetHints":{"allow":["GET"]}}],"collection":[{"href":"https:\/\/alminutonoticia.com\/noticias\/wp-json\/wp\/v2\/posts"}],"about":[{"href":"https:\/\/alminutonoticia.com\/noticias\/wp-json\/wp\/v2\/types\/post"}],"author":[{"embeddable":true,"href":"https:\/\/alminutonoticia.com\/noticias\/wp-json\/wp\/v2\/users\/3"}],"replies":[{"embeddable":true,"href":"https:\/\/alminutonoticia.com\/noticias\/wp-json\/wp\/v2\/comments?post=12895"}],"version-history":[{"count":1,"href":"https:\/\/alminutonoticia.com\/noticias\/wp-json\/wp\/v2\/posts\/12895\/revisions"}],"predecessor-version":[{"id":12897,"href":"https:\/\/alminutonoticia.com\/noticias\/wp-json\/wp\/v2\/posts\/12895\/revisions\/12897"}],"wp:featuredmedia":[{"embeddable":true,"href":"https:\/\/alminutonoticia.com\/noticias\/wp-json\/wp\/v2\/media\/12896"}],"wp:attachment":[{"href":"https:\/\/alminutonoticia.com\/noticias\/wp-json\/wp\/v2\/media?parent=12895"}],"wp:term":[{"taxonomy":"category","embeddable":true,"href":"https:\/\/alminutonoticia.com\/noticias\/wp-json\/wp\/v2\/categories?post=12895"},{"taxonomy":"post_tag","embeddable":true,"href":"https:\/\/alminutonoticia.com\/noticias\/wp-json\/wp\/v2\/tags?post=12895"}],"curies":[{"name":"wp","href":"https:\/\/api.w.org\/{rel}","templated":true}]}}