{"id":12892,"date":"2024-10-02T11:54:35","date_gmt":"2024-10-02T11:54:35","guid":{"rendered":"https:\/\/alminutonoticia.com\/noticias\/?p=12892"},"modified":"2024-10-02T11:54:37","modified_gmt":"2024-10-02T11:54:37","slug":"supuestos-pagos-a-personas-fallecidas-en-el-meduca-asciende-a-68-mil-dolares","status":"publish","type":"post","link":"https:\/\/alminutonoticia.com\/noticias\/supuestos-pagos-a-personas-fallecidas-en-el-meduca-asciende-a-68-mil-dolares\/","title":{"rendered":"Supuestos pagos a personas fallecidas en el Meduca asciende a 68 mil d\u00f3lares"},"content":{"rendered":"\n<p>La Procuradur\u00eda General de la Naci\u00f3n informo a la ciudadan\u00eda los avances de las investigaciones iniciadas mediante las denuncias interpuestas en septiembre de 2024, en nombre y representaci\u00f3n de la ministra de Educaci\u00f3n Lucy Molinar, por la presunta comisi\u00f3n de Delitos Contra la Administraci\u00f3n P\u00fablica, en la modalidad de diversas formas de Peculado, en perjuicio de las arcas del Estado, relacionado con el registro de personas difuntas, que estaban devengando sueldos desembolsados por esa entidad.<\/p>\n\n\n\n<p>Las pesquisas realizadas en ambas carpetas penales demuestran la existencia de una afectaci\u00f3n que supera los sesenta y ocho mil d\u00f3lares ($68,000.00), en concepto de salarios por jubilaci\u00f3n no correspondidos, por defunci\u00f3n de sus beneficiarios, monto que fue depositado a trav\u00e9s del sistema ACH, a las cuentas de los fenecidos, como consecuencia del actuar negligente de quienes deb\u00edan dispensar el tr\u00e1mite para dar de baja del sistema a las personas fallecidas; propiciando que fuera debitado en diferentes entidades bancarias y crediticias del pa\u00eds, por terceros que se aprovecharon de la situaci\u00f3n.<\/p>\n\n\n\n<p>Hasta el momento, la Procuradur\u00eda General de la Naci\u00f3n ha practicado una veintena (20) de inspecciones oculares, con la colaboraci\u00f3n de diversas instituciones financieras, para obtener datos bancarios y transaccionales; se han evacuado solicitudes de datos de contenido inform\u00e1tico, video e informaci\u00f3n de registros individuales o expediente personal o de recursos humanos, as\u00ed como de identificaci\u00f3n civil; y han sido efectuadas diversas comisiones para realizar actos investigativos en provincias centrales y del occidente nacional; todo dirigido a recabar informaci\u00f3n valiosa, con la finalidad de acreditar la existencia del delito y vincular a los responsables. Asimismo, han sido giradas cinco (5) \u00f3rdenes de aprehensi\u00f3n provisional sobre sumas de dinero, en cuentas bancarias locales.<\/p>\n\n\n\n<p>Las investigaciones est\u00e1n dirigidas contra los servidores p\u00fablicos que no actuaron con la debida diligencia y el m\u00ednimo de cuidado respecto a la administraci\u00f3n de los fondos p\u00fablicos que deb\u00edan custodiar, as\u00ed como los particulares que se apropiaron de los caudales p\u00fablicos, aprovech\u00e1ndose de la imprudencia de aquellos.<\/p>\n\n\n\n<p>La Procuradur\u00eda General de la Naci\u00f3n no cesar\u00e1 de ejercer las acciones correspondientes, hasta que todos los responsables rindan cuenta ante la justicia.<\/p>\n\n\n\n<figure class=\"wp-block-image size-full\"><a href=\"https:\/\/alminutonoticia.com\/noticias\/wp-content\/uploads\/2024\/10\/meducas-770x470-1.jpeg\"><img fetchpriority=\"high\" decoding=\"async\" width=\"770\" height=\"470\" src=\"https:\/\/alminutonoticia.com\/noticias\/wp-content\/uploads\/2024\/10\/meducas-770x470-1.jpeg\" alt=\"\" class=\"wp-image-12893\" title=\"\" srcset=\"https:\/\/alminutonoticia.com\/noticias\/wp-content\/uploads\/2024\/10\/meducas-770x470-1.jpeg 770w, https:\/\/alminutonoticia.com\/noticias\/wp-content\/uploads\/2024\/10\/meducas-770x470-1-300x183.jpeg 300w, https:\/\/alminutonoticia.com\/noticias\/wp-content\/uploads\/2024\/10\/meducas-770x470-1-768x469.jpeg 768w\" sizes=\"(max-width: 770px) 100vw, 770px\" \/><\/a><\/figure>\n","protected":false},"excerpt":{"rendered":"<p>La Procuradur\u00eda General de la Naci\u00f3n informo a la ciudadan\u00eda los avances de las investigaciones iniciadas mediante las denuncias interpuestas en septiembre de 2024, en nombre y representaci\u00f3n de la ministra de Educaci\u00f3n Lucy Molinar, por la presunta comisi\u00f3n de Delitos Contra la Administraci\u00f3n P\u00fablica, en la modalidad de diversas formas de Peculado, en perjuicio [&hellip;]<\/p>\n","protected":false},"author":3,"featured_media":12893,"comment_status":"open","ping_status":"open","sticky":false,"template":"","format":"standard","meta":{"footnotes":""},"categories":[36],"tags":[],"class_list":["post-12892","post","type-post","status-publish","format-standard","has-post-thumbnail","hentry","category-nacionales"],"_links":{"self":[{"href":"https:\/\/alminutonoticia.com\/noticias\/wp-json\/wp\/v2\/posts\/12892","targetHints":{"allow":["GET"]}}],"collection":[{"href":"https:\/\/alminutonoticia.com\/noticias\/wp-json\/wp\/v2\/posts"}],"about":[{"href":"https:\/\/alminutonoticia.com\/noticias\/wp-json\/wp\/v2\/types\/post"}],"author":[{"embeddable":true,"href":"https:\/\/alminutonoticia.com\/noticias\/wp-json\/wp\/v2\/users\/3"}],"replies":[{"embeddable":true,"href":"https:\/\/alminutonoticia.com\/noticias\/wp-json\/wp\/v2\/comments?post=12892"}],"version-history":[{"count":1,"href":"https:\/\/alminutonoticia.com\/noticias\/wp-json\/wp\/v2\/posts\/12892\/revisions"}],"predecessor-version":[{"id":12894,"href":"https:\/\/alminutonoticia.com\/noticias\/wp-json\/wp\/v2\/posts\/12892\/revisions\/12894"}],"wp:featuredmedia":[{"embeddable":true,"href":"https:\/\/alminutonoticia.com\/noticias\/wp-json\/wp\/v2\/media\/12893"}],"wp:attachment":[{"href":"https:\/\/alminutonoticia.com\/noticias\/wp-json\/wp\/v2\/media?parent=12892"}],"wp:term":[{"taxonomy":"category","embeddable":true,"href":"https:\/\/alminutonoticia.com\/noticias\/wp-json\/wp\/v2\/categories?post=12892"},{"taxonomy":"post_tag","embeddable":true,"href":"https:\/\/alminutonoticia.com\/noticias\/wp-json\/wp\/v2\/tags?post=12892"}],"curies":[{"name":"wp","href":"https:\/\/api.w.org\/{rel}","templated":true}]}}