{"id":12880,"date":"2024-10-02T11:36:26","date_gmt":"2024-10-02T11:36:26","guid":{"rendered":"https:\/\/alminutonoticia.com\/noticias\/?p=12880"},"modified":"2024-10-02T11:36:29","modified_gmt":"2024-10-02T11:36:29","slug":"miambiente-suspende-acceso-a-las-areas-protegidas-de-chiriqui-por-alerta-amarilla","status":"publish","type":"post","link":"https:\/\/alminutonoticia.com\/noticias\/miambiente-suspende-acceso-a-las-areas-protegidas-de-chiriqui-por-alerta-amarilla\/","title":{"rendered":"MiAMBIENTE suspende acceso a las \u00e1reas protegidas de Chiriqu\u00ed por Alerta Amarilla"},"content":{"rendered":"\n<p>Tras la emisi\u00f3n de la Alerta Amarilla por parte del Sistema Nacional de Protecci\u00f3n Civil (Sinaproc); la Direcci\u00f3n Regional del Ministerio de Ambiente (MiAMBIENTE) en la provincia de Chiriqu\u00ed, anuncia que Suspende, de forma temporal, a partir de hoy el acceso a las \u00e1reas protegidas de esta provincia.<\/p>\n\n\n\n<p>MiAMBIENTE mantendr\u00e1 a sus guardaparques y unidades de la Polic\u00eda Nacional Ecol\u00f3gica apostados en puntos seguros del Parque Nacional Volc\u00e1n Bar\u00fa, Parque Nacional Marino Golfo de Chiriqu\u00ed, Parque Internacional La Amistad y en el Refugio de Vida Silvestre Playa La Barqueta Agr\u00edcola, para garantizar el cumplimiento de esta medida preventiva que busca evitar situaciones que pongan en riesgo la vida de los visitantes nacionales y extranjeros.<\/p>\n\n\n\n<p>El levantamiento de esta restricci\u00f3n preventiva depender\u00e1 de las condiciones clim\u00e1ticas que se presenten en los pr\u00f3ximos d\u00edas y los lineamientos del Sistema Nacional de Protecci\u00f3n Civil, hasta que hayan las condiciones para el senderismo seguro.<\/p>\n\n\n\n<p>La medida de suspensi\u00f3n de acceso a las \u00e1reas protegidas de Chiriqu\u00ed busca mitigar los efectos adversos que podr\u00eda generar en las pr\u00f3ximas horas el incremento de las lluvias y la saturaci\u00f3n de los suelos.<\/p>\n\n\n\n<p>\u201cEsta medida obedece al criterio t\u00e9cnico-cient\u00edfico del Instituto de Meteorolog\u00eda e Hidrolog\u00eda de Panam\u00e1 (IMHPA), que hace referencia a un sistema de baja presi\u00f3n sobre el Caribe paname\u00f1o, norte del pa\u00eds y por el desarrollo cicl\u00f3nico (10% en 48 horas y 40% en 7 d\u00edas), que podr\u00eda inducir en la incursi\u00f3n de flujos de vientos y aportes de lluvias significativos\u201d, sustenta el Sinaproc.<\/p>\n\n\n\n<p>Se recuerda a la poblaci\u00f3n que las l\u00edneas de emergencias son el 520-4426 \/ 911 \/ 6998-4809.<\/p>\n\n\n\n<figure class=\"wp-block-image size-full\"><a href=\"https:\/\/alminutonoticia.com\/noticias\/wp-content\/uploads\/2024\/10\/mi-ambiente-770x470-1.jpg\"><img fetchpriority=\"high\" decoding=\"async\" width=\"770\" height=\"470\" src=\"https:\/\/alminutonoticia.com\/noticias\/wp-content\/uploads\/2024\/10\/mi-ambiente-770x470-1.jpg\" alt=\"\" class=\"wp-image-12881\" title=\"\" srcset=\"https:\/\/alminutonoticia.com\/noticias\/wp-content\/uploads\/2024\/10\/mi-ambiente-770x470-1.jpg 770w, https:\/\/alminutonoticia.com\/noticias\/wp-content\/uploads\/2024\/10\/mi-ambiente-770x470-1-300x183.jpg 300w, https:\/\/alminutonoticia.com\/noticias\/wp-content\/uploads\/2024\/10\/mi-ambiente-770x470-1-768x469.jpg 768w\" sizes=\"(max-width: 770px) 100vw, 770px\" \/><\/a><\/figure>\n","protected":false},"excerpt":{"rendered":"<p>Tras la emisi\u00f3n de la Alerta Amarilla por parte del Sistema Nacional de Protecci\u00f3n Civil (Sinaproc); la Direcci\u00f3n Regional del Ministerio de Ambiente (MiAMBIENTE) en la provincia de Chiriqu\u00ed, anuncia que Suspende, de forma temporal, a partir de hoy el acceso a las \u00e1reas protegidas de esta provincia. MiAMBIENTE mantendr\u00e1 a sus guardaparques y unidades [&hellip;]<\/p>\n","protected":false},"author":3,"featured_media":12881,"comment_status":"open","ping_status":"open","sticky":false,"template":"","format":"standard","meta":{"footnotes":""},"categories":[42,36],"tags":[],"class_list":["post-12880","post","type-post","status-publish","format-standard","has-post-thumbnail","hentry","category-ambiente","category-nacionales"],"_links":{"self":[{"href":"https:\/\/alminutonoticia.com\/noticias\/wp-json\/wp\/v2\/posts\/12880","targetHints":{"allow":["GET"]}}],"collection":[{"href":"https:\/\/alminutonoticia.com\/noticias\/wp-json\/wp\/v2\/posts"}],"about":[{"href":"https:\/\/alminutonoticia.com\/noticias\/wp-json\/wp\/v2\/types\/post"}],"author":[{"embeddable":true,"href":"https:\/\/alminutonoticia.com\/noticias\/wp-json\/wp\/v2\/users\/3"}],"replies":[{"embeddable":true,"href":"https:\/\/alminutonoticia.com\/noticias\/wp-json\/wp\/v2\/comments?post=12880"}],"version-history":[{"count":1,"href":"https:\/\/alminutonoticia.com\/noticias\/wp-json\/wp\/v2\/posts\/12880\/revisions"}],"predecessor-version":[{"id":12882,"href":"https:\/\/alminutonoticia.com\/noticias\/wp-json\/wp\/v2\/posts\/12880\/revisions\/12882"}],"wp:featuredmedia":[{"embeddable":true,"href":"https:\/\/alminutonoticia.com\/noticias\/wp-json\/wp\/v2\/media\/12881"}],"wp:attachment":[{"href":"https:\/\/alminutonoticia.com\/noticias\/wp-json\/wp\/v2\/media?parent=12880"}],"wp:term":[{"taxonomy":"category","embeddable":true,"href":"https:\/\/alminutonoticia.com\/noticias\/wp-json\/wp\/v2\/categories?post=12880"},{"taxonomy":"post_tag","embeddable":true,"href":"https:\/\/alminutonoticia.com\/noticias\/wp-json\/wp\/v2\/tags?post=12880"}],"curies":[{"name":"wp","href":"https:\/\/api.w.org\/{rel}","templated":true}]}}